{"id":107822,"date":"2020-10-07T17:00:24","date_gmt":"2020-10-07T20:00:24","guid":{"rendered":"http:\/\/argentinamunicipal.com.ar\/argentina\/?p=107822"},"modified":"2020-10-08T06:24:39","modified_gmt":"2020-10-08T09:24:39","slug":"el-sindicalismo-le-reclamara-al-fondo-un-acuerdo-sin-ajuste-con-la-argentina","status":"publish","type":"post","link":"http:\/\/argentinamunicipal.com.ar\/argentina\/el-sindicalismo-le-reclamara-al-fondo-un-acuerdo-sin-ajuste-con-la-argentina\/","title":{"rendered":"El sindicalismo le reclamar\u00e1 al Fondo un acuerdo sin ajuste con la Argentina"},"content":{"rendered":"<p>La conducci\u00f3n de la CGT volver\u00e1 a reunirse con los enviados del Fondo Monetario Internacional (FMI). El encuentro se realizar\u00e1 en la sede de la Uocra, como ocurri\u00f3 en otras oportunidades, donde los dirigentes de la central obrera le reclamar\u00e1n que el acuerdo con el gobierno argentino sea \u00absin un ajuste despiadado\u00bb, seg\u00fan reconoci\u00f3 el titular de UPCN, Andr\u00e9s Rodr\u00edguez.<\/p>\n<p>En esta oportunidad, la delegaci\u00f3n del Fondo estar\u00e1 encabezada por Julie Kozack, directora adjunta del departamento del Hemisferio Occidental del FMI; y Luis Cubeddu, jefe de misi\u00f3n para Argentina. \u00c9stos le pidieron a la CGT un encuentro donde, seg\u00fan afirm\u00f3 Rodr\u00edguez, expondr\u00e1n que \u00abcualquier salida tiene que ser buscando un equilibrio de todas las variables macroecon\u00f3micas, pero sin un ajuste despiadado que suma a\u00fan m\u00e1s en la miseria a la gente que est\u00e1 sufriendo\u00bb.<\/p>\n<p>Rodr\u00edguez es, adem\u00e1s del titular del mayor gremio de empleados del Estado, el secretario general adjunto de la CGT, y durante una entrevista con FutuRock dijo que la delegaci\u00f3n del FMI les pidi\u00f3 una reuni\u00f3n \u00aby lo vamos a hacer este jueves\u00bb donde dijo que la postura de la central obrera ser\u00e1 \u00abla misma que venimos planteando cada vez que nos reunimos con ellos\u00bb.<\/p>\n<p>Seg\u00fan el titular de UPCN, la central obrera siempre le expres\u00f3 a los enviados del FMI que \u00abel Fondo es corresponsable de cierta manera de la dramaticidad que est\u00e1 viviendo el pa\u00eds por la deuda desmedida que se ha generado en los \u00faltimos a\u00f1os y cualquier salida tiene que ser buscando un equilibrio, una l\u00f3gica, y sin un ajuste despiadado\u00bb, asever\u00f3.<\/p>\n<p>La intenci\u00f3n de la c\u00fapula gremial es mostrar firmeza en cuanto a no aceptar las imposiciones tradicionales del FMI como el\u00a0ajuste que, como ocurri\u00f3 durante el gobierno de Mauricio Macri, se reclam\u00f3 reforma laboral, rebaja de las jubilaciones e incluso la reducci\u00f3n de los empleados p\u00fablicos.<\/p>\n<p>En ese sentido, trascendi\u00f3 que los gremialistas consideran que las negociaciones con el FMI, con el que se debe rediscutir una deuda superior a los 45 mil millones d\u00f3lares, deber\u00e1 hacerse dentro de los par\u00e1metros que el Gobierno nacional llev\u00f3 adelante con los bonistas privados. Esto es, que no se apliquen \u00absacrificios\u00bb a los trabajadores argentinos al entender que la deuda con el Fondo es una herencia del gobierno de Cambiemos.<\/p>\n<p>Las reuniones que la CGT tuvo con la delegaci\u00f3n del Fondo, que comenzaron luego de que Macri se endeudara con el organismo, se realizaron siempre en la Uocra, donde su titular Gerardo Mart\u00ednez es adem\u00e1s el secretario de relaciones internacionales de la central obrera.<\/p>\n<p>No es la primera vez que la CGT se re\u00fane con la delegaci\u00f3n del Fondo en tiempos de la conducci\u00f3n de Kirstalina Georgieva. En mayo pasado, ya en pandemia, el encuentro se realiz\u00f3 v\u00eda Zoom con Luis Cubeddu, jefe de misi\u00f3n para Argentina y el representante del organismo en la Argentina, Trevor Elleyne. En esa oportunidad hab\u00edan adelantado un rechazo a cualquier reforma laboral. En la reuni\u00f3n del jueves participar\u00e1 adem\u00e1s Julie Kozack, directora adjunta del departamento del Hemisferio Occidental del FMI.<\/p>\n<p>Luego de ese encuentro, la CGT asergur\u00f3, mediante un comunicado, que por la responsabilidad que tiene el Fondo en el endeudamiento argentino \u00abdeber\u00e1 comprometerse en la b\u00fasqueda de una soluci\u00f3n que garantice la sustentabilidad macroecon\u00f3mica que permita un desarrollo inclusivo desde el punto de vista social y laboral\u201d.<\/p>\n<h6>Fuente: P\u00e1gina 12<\/h6>\n","protected":false},"excerpt":{"rendered":"<p>La conducci\u00f3n de la CGT volver\u00e1 a reunirse con los enviados del Fondo Monetario Internacional (FMI). El encuentro se realizar\u00e1 en la sede de la Uocra, como ocurri\u00f3 en otras oportunidades<\/p>\n","protected":false},"author":2,"featured_media":107823,"comment_status":"closed","ping_status":"closed","sticky":false,"template":"","format":"standard","meta":{"footnotes":""},"categories":[8],"tags":[21],"class_list":["post-107822","post","type-post","status-publish","format-standard","has-post-thumbnail","hentry","category-informe-nacional","tag-argentina"],"_links":{"self":[{"href":"http:\/\/argentinamunicipal.com.ar\/argentina\/wp-json\/wp\/v2\/posts\/107822","targetHints":{"allow":["GET"]}}],"collection":[{"href":"http:\/\/argentinamunicipal.com.ar\/argentina\/wp-json\/wp\/v2\/posts"}],"about":[{"href":"http:\/\/argentinamunicipal.com.ar\/argentina\/wp-json\/wp\/v2\/types\/post"}],"author":[{"embeddable":true,"href":"http:\/\/argentinamunicipal.com.ar\/argentina\/wp-json\/wp\/v2\/users\/2"}],"replies":[{"embeddable":true,"href":"http:\/\/argentinamunicipal.com.ar\/argentina\/wp-json\/wp\/v2\/comments?post=107822"}],"version-history":[{"count":0,"href":"http:\/\/argentinamunicipal.com.ar\/argentina\/wp-json\/wp\/v2\/posts\/107822\/revisions"}],"wp:featuredmedia":[{"embeddable":true,"href":"http:\/\/argentinamunicipal.com.ar\/argentina\/wp-json\/wp\/v2\/media\/107823"}],"wp:attachment":[{"href":"http:\/\/argentinamunicipal.com.ar\/argentina\/wp-json\/wp\/v2\/media?parent=107822"}],"wp:term":[{"taxonomy":"category","embeddable":true,"href":"http:\/\/argentinamunicipal.com.ar\/argentina\/wp-json\/wp\/v2\/categories?post=107822"},{"taxonomy":"post_tag","embeddable":true,"href":"http:\/\/argentinamunicipal.com.ar\/argentina\/wp-json\/wp\/v2\/tags?post=107822"}],"curies":[{"name":"wp","href":"https:\/\/api.w.org\/{rel}","templated":true}]}}