{"id":107831,"date":"2020-10-08T18:30:59","date_gmt":"2020-10-08T21:30:59","guid":{"rendered":"http:\/\/argentinamunicipal.com.ar\/argentina\/?p=107831"},"modified":"2020-10-08T06:35:01","modified_gmt":"2020-10-08T09:35:01","slug":"santa-fe-playa-norte-dio-su-primer-paso-hacia-la-urbanizacion","status":"publish","type":"post","link":"http:\/\/argentinamunicipal.com.ar\/argentina\/santa-fe-playa-norte-dio-su-primer-paso-hacia-la-urbanizacion\/","title":{"rendered":"Santa Fe: Playa Norte dio su primer paso hacia la urbanizaci\u00f3n"},"content":{"rendered":"<p>Tal como lo adelantara El Litoral, los tres estamentos firmaron un convenio marco. Regularizaci\u00f3n dominial y rehabilitaci\u00f3n de la integraci\u00f3n social, dos de los objetivos claros para la zona.<\/p>\n<p>Este mi\u00e9rcoles el intendente Emilio Jat\u00f3n firm\u00f3 un convenio marco con autoridades de los gobiernos provincial y nacional, y representantes de organizaciones sociales. La iniciativa pretende urbanizar la zona conocida como Playa Norte mediante un proyecto elaborado en conjunto entre los tres estamentos del Estado, y las organizaciones sociales que trabajan en el barrio.<\/p>\n<p>La zona a intervenir es un asentamiento emplazado hace 15 a\u00f1os en un sector estrat\u00e9gico de la ciudad, pero con profundas segmentaciones socio urbanas, por lo que se propone trabajar para un desarrollo sostenible y equilibrado, considerando sus condiciones urbanas, sociales y paisaj\u00edsticas.<\/p>\n<p>Seg\u00fan el convenio, todas las partes colaborar\u00e1n en la elaboraci\u00f3n del proyecto ejecutivo integral. El municipio desarrollar\u00e1 las tareas t\u00e9cnicas del proyecto junto con las organizaciones y brindar\u00e1 apoyo en las \u00e1reas de su incumbencia. Provincia ejecutar\u00e1 las obras y las tareas tendientes a la regularizaci\u00f3n dominial. En tanto, el financiamiento estar\u00e1 a cargo de Naci\u00f3n. Las organizaciones sociales, tendr\u00e1n a su cargo el dise\u00f1o de mecanismos de participaci\u00f3n de los actores locales en el desarrollo del plan.<\/p>\n<p><strong>Mesas de coordinaci\u00f3n<\/strong><\/p>\n<p>El acuerdo establece que los firmantes conformar\u00e1n una mesa local de coordinaci\u00f3n cuyo prop\u00f3sito ser\u00e1 articular la implementaci\u00f3n de los proyectos. Se proponen acciones estrat\u00e9gicas que incluyan la provisi\u00f3n de infraestructuras y servicios, el acceso a espacios p\u00fablicos seguros e inclusivos, la eliminaci\u00f3n de barreras urbanas, la construcci\u00f3n o recomposici\u00f3n de viviendas y equipamientos sociales, la mejora de la accesibilidad y conectividad, el saneamiento o mitigaci\u00f3n ambiental, y el fortalecimiento de las organizaciones sociales.<\/p>\n<p>La presidenta de la asociaci\u00f3n civil Manzanas Solidarias, Liliana Berraz, dijo: \u201cDesde 2001 que venimos acompa\u00f1ando a los vecinos en su reclamo por el derecho al h\u00e1bitat, que permite vivir, reconocerte, tener una direcci\u00f3n, tener agua, y no ser estigmatizado como vecino que no le corresponde estar ah\u00ed; y m\u00e1s en este sector que tuvo muchos intereses inmobiliarios\u201d.<\/p>\n<p>Tambi\u00e9n dijo que hay alrededor de 120 familias viviendo en ese lugar. \u201cTenemos un anteproyecto con todas las mejoras, porque estos vecinos no solo resistieron a las iniciativas de exclusi\u00f3n, sino que tambi\u00e9n se emponderaron en sus derechos\u201d, adujo.<\/p>\n<p>Se concretar\u00e1n tareas de regularizaci\u00f3n dominial, teniendo en cuenta que el barrio est\u00e1 asentado sobre terrenos privados. Con la aplicaci\u00f3n de la Ley Nacional N\u00ba 27.453 de R\u00e9gimen de Regularizaci\u00f3n Dominial para la Integraci\u00f3n Urbana (RENABAP) se declara el sector como de utilidad p\u00fablica y sujeta a expropiaci\u00f3n la totalidad de los bienes inmuebles en los que se asientan los barrios populares relevados en ese registro.<\/p>\n<p><strong>Los trabajos<\/strong><\/p>\n<p>Entre las propuestas de mejoras que se analizan para esa zona, figura la consolidaci\u00f3n de las calles Defensa y Riobamba como conexiones con avenida French, atenci\u00f3n del sistema de desag\u00fces y escurrimientos. En cuanto a los servicios de luz el\u00e9ctrica y agua potable, actualmente las conexiones son precarias e inseguras, por lo que se propone trabajar en ese \u00edtem para garantizar el acceso. Asimismo, existe en la zona un trabajo autogestivo de producci\u00f3n de espacio p\u00fablico y recreativo que es necesario fortalecer.<\/p>\n<h6>Fuente: El Litoral<\/h6>\n","protected":false},"excerpt":{"rendered":"<p>Tal como lo adelantara El Litoral, los tres estamentos firmaron un convenio marco. Regularizaci\u00f3n dominial y rehabilitaci\u00f3n de la integraci\u00f3n social, dos de los objetivos claros para la zona.<\/p>\n","protected":false},"author":2,"featured_media":107832,"comment_status":"closed","ping_status":"closed","sticky":false,"template":"","format":"standard","meta":{"footnotes":""},"categories":[2],"tags":[10],"class_list":["post-107831","post","type-post","status-publish","format-standard","has-post-thumbnail","hentry","category-informe-municipal","tag-santa-fe"],"_links":{"self":[{"href":"http:\/\/argentinamunicipal.com.ar\/argentina\/wp-json\/wp\/v2\/posts\/107831","targetHints":{"allow":["GET"]}}],"collection":[{"href":"http:\/\/argentinamunicipal.com.ar\/argentina\/wp-json\/wp\/v2\/posts"}],"about":[{"href":"http:\/\/argentinamunicipal.com.ar\/argentina\/wp-json\/wp\/v2\/types\/post"}],"author":[{"embeddable":true,"href":"http:\/\/argentinamunicipal.com.ar\/argentina\/wp-json\/wp\/v2\/users\/2"}],"replies":[{"embeddable":true,"href":"http:\/\/argentinamunicipal.com.ar\/argentina\/wp-json\/wp\/v2\/comments?post=107831"}],"version-history":[{"count":0,"href":"http:\/\/argentinamunicipal.com.ar\/argentina\/wp-json\/wp\/v2\/posts\/107831\/revisions"}],"wp:featuredmedia":[{"embeddable":true,"href":"http:\/\/argentinamunicipal.com.ar\/argentina\/wp-json\/wp\/v2\/media\/107832"}],"wp:attachment":[{"href":"http:\/\/argentinamunicipal.com.ar\/argentina\/wp-json\/wp\/v2\/media?parent=107831"}],"wp:term":[{"taxonomy":"category","embeddable":true,"href":"http:\/\/argentinamunicipal.com.ar\/argentina\/wp-json\/wp\/v2\/categories?post=107831"},{"taxonomy":"post_tag","embeddable":true,"href":"http:\/\/argentinamunicipal.com.ar\/argentina\/wp-json\/wp\/v2\/tags?post=107831"}],"curies":[{"name":"wp","href":"https:\/\/api.w.org\/{rel}","templated":true}]}}