{"id":107857,"date":"2020-10-08T20:15:06","date_gmt":"2020-10-08T23:15:06","guid":{"rendered":"http:\/\/argentinamunicipal.com.ar\/argentina\/?p=107857"},"modified":"2020-10-08T20:15:06","modified_gmt":"2020-10-08T23:15:06","slug":"alberto-fernandez-elogio-a-la-jefa-del-fmi-comparto-la-mirada-que-ella-tiene-del-mundo","status":"publish","type":"post","link":"http:\/\/argentinamunicipal.com.ar\/argentina\/alberto-fernandez-elogio-a-la-jefa-del-fmi-comparto-la-mirada-que-ella-tiene-del-mundo\/","title":{"rendered":"Alberto Fern\u00e1ndez elogi\u00f3 a la jefa del FMI: \u00abComparto la mirada que ella tiene del mundo\u00bb"},"content":{"rendered":"<p>El presidente se refiri\u00f3 a Kristalina Georgieva en medio de la visita que realiza una misi\u00f3n del organismo multilateral a la Argentina.<\/p>\n<p>El presidente Alberto Fern\u00e1ndez elogi\u00f3 este jueves a la titular del FMI, Kristalina Georgieva, y dijo compartir la mirada que tiene sobre el mundo, en medio de la visita que realiza una misi\u00f3n del organismo multilateral a la Argentina.<\/p>\n<p>El jefe de Estado destac\u00f3 el trabajo conjunto entre su equipo econ\u00f3mico y las autoridades del Fondo Monetario para encontrarle soluci\u00f3n al problema del endeudamiento argentino.<\/p>\n<p>Remarc\u00f3 que la Argentina no quiere \u00abestar fuera del sistema financiero internacional\u00bb y por eso se propuso \u00abresolver el problema de la deuda\u00bb con los acreedores privados.<\/p>\n<p>Al exponer por videoconferencia ante la Asociaci\u00f3n de C\u00e1maras Americanas de Comercio de Am\u00e9rica Latina y el Caribe (AACCLA), destac\u00f3 que \u00abel Fondo Monetario Internacional viene trabajando con Argentina hace tiempo\u00bb.<\/p>\n<p>\u00abSiempre encontr\u00e9 en Georgieva una mirada realista de la Argentina. Quiero destacar el apoyo del FMI para que Argentina resolviera el problema con los bonistas\u00bb, indic\u00f3 el jefe de Estado.<\/p>\n<p>\u00abCelebro que el Fondo tenga a Georgieva al frente de su gesti\u00f3n. La mirada que ella tiene del mundo es una mirada que sinceramente comparto\u00bb, agreg\u00f3.<\/p>\n<p>En cuanto a las negociaciones con el organismo, el Presidente adelant\u00f3 que ya envi\u00f3 \u00abun grupo t\u00e9cnico para resolver el problema de la deuda que tenemos con el FMI\u00bb.<\/p>\n<p>Y agreg\u00f3: \u00abTodos tenemos la misma voluntad: la voluntad de que la Argentina cumpla con sus obligaciones sin postergar a los sectores que ya hicieron esfuerzos inconmensurables\u00bb.<\/p>\n<p>Adem\u00e1s, destac\u00f3 la asistencia del Estado durante la pandemia, al recordar que la Argentina tiene \u00abun 40% de pobres\u00bb, pero se logr\u00f3 que \u00abm\u00e1s de un mill\u00f3n de argentinos no caigan en la pobreza\u00bb.<\/p>\n<p>\u00abLogramos sostener a m\u00e1s de un mill\u00f3n de personas en la clase media\u00bb, indic\u00f3 Fern\u00e1ndez, al destacar la ayuda social que el Estado brind\u00f3, como el Ingreso Familiar de Emergencia (IFE).<\/p>\n<h6>Fuente: El Litoral<\/h6>\n","protected":false},"excerpt":{"rendered":"<p>El presidente se refiri\u00f3 a\u00a0Kristalina Georgieva\u00a0en medio de la visita que realiza una misi\u00f3n del organismo multilateral a la Argentina.<\/p>\n","protected":false},"author":2,"featured_media":107858,"comment_status":"closed","ping_status":"closed","sticky":false,"template":"","format":"standard","meta":{"footnotes":""},"categories":[8],"tags":[21],"class_list":["post-107857","post","type-post","status-publish","format-standard","has-post-thumbnail","hentry","category-informe-nacional","tag-argentina"],"_links":{"self":[{"href":"http:\/\/argentinamunicipal.com.ar\/argentina\/wp-json\/wp\/v2\/posts\/107857","targetHints":{"allow":["GET"]}}],"collection":[{"href":"http:\/\/argentinamunicipal.com.ar\/argentina\/wp-json\/wp\/v2\/posts"}],"about":[{"href":"http:\/\/argentinamunicipal.com.ar\/argentina\/wp-json\/wp\/v2\/types\/post"}],"author":[{"embeddable":true,"href":"http:\/\/argentinamunicipal.com.ar\/argentina\/wp-json\/wp\/v2\/users\/2"}],"replies":[{"embeddable":true,"href":"http:\/\/argentinamunicipal.com.ar\/argentina\/wp-json\/wp\/v2\/comments?post=107857"}],"version-history":[{"count":0,"href":"http:\/\/argentinamunicipal.com.ar\/argentina\/wp-json\/wp\/v2\/posts\/107857\/revisions"}],"wp:featuredmedia":[{"embeddable":true,"href":"http:\/\/argentinamunicipal.com.ar\/argentina\/wp-json\/wp\/v2\/media\/107858"}],"wp:attachment":[{"href":"http:\/\/argentinamunicipal.com.ar\/argentina\/wp-json\/wp\/v2\/media?parent=107857"}],"wp:term":[{"taxonomy":"category","embeddable":true,"href":"http:\/\/argentinamunicipal.com.ar\/argentina\/wp-json\/wp\/v2\/categories?post=107857"},{"taxonomy":"post_tag","embeddable":true,"href":"http:\/\/argentinamunicipal.com.ar\/argentina\/wp-json\/wp\/v2\/tags?post=107857"}],"curies":[{"name":"wp","href":"https:\/\/api.w.org\/{rel}","templated":true}]}}