{"id":107889,"date":"2020-10-09T06:34:34","date_gmt":"2020-10-09T09:34:34","guid":{"rendered":"http:\/\/argentinamunicipal.com.ar\/argentina\/?p=107889"},"modified":"2020-10-09T06:34:34","modified_gmt":"2020-10-09T09:34:34","slug":"el-fmi-escucho-la-vision-de-la-uia-y-la-cgt-sobre-el-camino-de-la-recuperacion","status":"publish","type":"post","link":"http:\/\/argentinamunicipal.com.ar\/argentina\/el-fmi-escucho-la-vision-de-la-uia-y-la-cgt-sobre-el-camino-de-la-recuperacion\/","title":{"rendered":"El FMI escuch\u00f3 la visi\u00f3n de la UIA y la CGT sobre el camino de la recuperaci\u00f3n"},"content":{"rendered":"<p>Los representantes del organismo escucharon los argumentos de industriales y trabajadores sobre la necesidad de generar en al Argentina las condiciones para promover la inversi\u00f3n productiva, generar empleo y enfrentar la pobreza creciente.<\/p>\n<p>Los miembros de la misi\u00f3n del Fondo Monetario Internacional (FMI) que se encuentran en Buenos Aires se reunieron hoy con representantes de la Uni\u00f3n Industrial Argentina (UIA) y de la Confederaci\u00f3n General del Trabajo (CGT), en el marco de la primer visita programada como parte de la negociaci\u00f3n para acordar un nuevo programa de financiamiento.<\/p>\n<p>Durante la jornada, la delegaci\u00f3n del organismo tambi\u00e9n\u00a0mantuvo reuniones con el ministro de Econom\u00eda, Mart\u00edn Guzm\u00e1n; el titular de la cartera de Desarrollo Social, Daniel Arroyo; y el secretario de Energ\u00eda, Dar\u00edo Mart\u00ednez.<\/p>\n<p>En los encuentros con la UIA y la CGT los representantes del Fondo escucharon los argumentos de industriales y trabajadores sobre la necesidad de generar en al Argentina las condiciones para promover la inversi\u00f3n productiva, generar empleo y enfrentar la pobreza creciente producto de la macroeconom\u00eda y de la pandemia.<\/p>\n<p>Los encuentros de hoy formaron parte de la agenda de reuniones organizadas para toda la semana por la misi\u00f3n del FMI, que incluye no solo entrevistas con funcionarios del Gobierno, sino tambi\u00e9n con representantes empresariales, sindicales y de la sociedad civil.<\/p>\n<p>Por la tarde, los representantes del Fondo mantuvieron una reuni\u00f3n con el ministro de Desarrollo Social, Daniel Arroyo, quien entendi\u00f3 que \u00abhay conciencia en el FMI, como en todos los organismos internacionales, de que no hay espacio para ajuste, sino para construir y hacer rebotar la actividad econ\u00f3mica\u00bb.<\/p>\n<p>En la reuni\u00f3n Arroyo plante\u00f3 a los enviados del FMI la pol\u00edtica pospandemia a trav\u00e9s de los ejes de vincular los planes sociales al trabajo, la urbanizaci\u00f3n de 4.000 barrios que no cuentan con servicios b\u00e1sicos y la universalizaci\u00f3n de las educaci\u00f3n inicial en los ni\u00f1os de la Argentina.<\/p>\n<p>En ese sentido, el ministro identific\u00f3 que los actividades de mayor posibilidad de generar puestos de trabajo para los sectores m\u00e1s vulnerables son la construcci\u00f3n, producci\u00f3n de alimentos, la actividad textil, la econom\u00eda del cuidado y el reciclado.<\/p>\n<p>La misi\u00f3n del FMI tambi\u00e9n mantuvo en la jornada\u00a0una nueva reuni\u00f3n con Guzm\u00e1n,\u00a0en esta oportunidad con el aporte del secretario de Energ\u00eda, Dar\u00edo Mart\u00ednez, para analizar la pol\u00edtica energ\u00e9tica que desarrolla el Gobierno nacional.<\/p>\n<p>En este contexto de encuentros,\u00a0el presidente Alberto Fern\u00e1ndez se manifest\u00f3 \u00abmuy confiado\u00bb en que la Argentina podr\u00e1 \u00abencontrar una soluci\u00f3n\u00bb\u00a0con el organismo para permitir un nuevo programa de financiamiento que le permita extender los plazos de la deuda por US$44.500 millones contra\u00edda durante la gesti\u00f3n Cambiemos.<\/p>\n<p>En su discurso la Asociaci\u00f3n de C\u00e1maras Americanas de Comercio de Am\u00e9rica Latina y el Caribe (Aaccla), Fern\u00e1ndez destac\u00f3 que el Fondo comparte \u00abla misma voluntad de que la Argentina cumpla sus obligaciones sin postergar a los sectores de la sociedad que ya han hecho esfuerzos inconmensurables\u00bb.<\/p>\n<p><strong>Encuentro con la UIA<\/strong><\/p>\n<p>La primera de las reuniones de la jornada que mantuvieron el jefe de la misi\u00f3n del FMI para la Argentina, Luis Cubeddu; la directora adjunta del Departamento del Hemisferio Occidental del organismo, Julie Kozak; y el representante del organismo en la Argentina, Trevor Alleyne, fue con la conducci\u00f3n de la UIA.<\/p>\n<p>Durante la reuni\u00f3n, celebrada de manera presencial en un hotel del microcentro porte\u00f1o, los directivos de la UIA y del FMI abordaron \u00abejes vinculados a la competitividad integral, la productividad, la infraestructura, la formalizaci\u00f3n progresiva de la econom\u00eda, la creaci\u00f3n de empresas y el nuevo ecosistema laboral pospandemia\u00bb.<\/p>\n<p>Los directivos de la entidad fabril, encabezados por su presidente Miguel Acevedo, le transmitieron a los delegados del Fondo que en el corto plazo \u00abser\u00e1 clave promover la inversi\u00f3n productiva para que Argentina cree m\u00e1s empresas y genere mejores puestos de trabajo\u00bb.<\/p>\n<p>En ese sentido, tambi\u00e9n destacaron \u00abla necesidad de mejorar el perfil exportador del pa\u00eds a trav\u00e9s de un sistema tributario que potencie la agregaci\u00f3n de valor y los activos productivos en materia de industria, agro, servicios, energ\u00eda y miner\u00eda\u00bb.<\/p>\n<p>Tambi\u00e9n asistieron al encuentro los vicepresidentes Daniel Funes de Rioja y Luis Betnaza, y su director ejecutivo, Diego Coatz.<\/p>\n<p><strong>Reuni\u00f3n con la CGT<\/strong><\/p>\n<p>Pasadas las 17, la c\u00fapula de la CGT se reuni\u00f3 con la comitiva para reclamarle \u00abun necesario compromiso para encarar una negociaci\u00f3n realista y flexible respecto de las posibilidades de la Argentina para afrontar sus pagos\u00bb.<\/p>\n<p>La central obrera demand\u00f3 al organismo multilateral \u00abla b\u00fasqueda de una soluci\u00f3n para garantizar sustentabilidad macroecon\u00f3mica y el desarrollo inclusivo\u00bb, y al mismo tiempo rechaz\u00f3 las reformas estructurales laborales, de reducci\u00f3n de las jubilaciones y del n\u00famero de empleados p\u00fablicos, seg\u00fan un documento de la organizaci\u00f3n gremial, difundido luego del encuentro, que se desarroll\u00f3 en la sede de la Uni\u00f3n Obrera de la Construcci\u00f3n (Uocra) de Gerardo Mart\u00ednez.<\/p>\n<p>Los dirigentes remarcaron que la actual situaci\u00f3n de endeudamiento \u00abdesproporcionado e insustentable\u00bb es consecuencia de \u00abla gesti\u00f3n encabezada por Mauricio Macri\u00bb y, esa realidad, \u00abno es ajena a la instituci\u00f3n\u00bb crediticia.<\/p>\n<p>Los sindicalistas sostuvieron adem\u00e1s que \u00abla sustentabilidad macroecon\u00f3mica y el desarrollo inclusivo deben contemplar lo social y laboral\u00bb, y subrayaron que la \u00fanica recuperaci\u00f3n econ\u00f3mica posible tiene que basarse en \u00abla creaci\u00f3n de trabajo decente para el crecimiento real\u00bb.<\/p>\n<p>Adem\u00e1s, la CGT rechaz\u00f3 la implementaci\u00f3n de reformas estructurales laborales, de reducci\u00f3n de jubilaciones y de empleados p\u00fablicos y asever\u00f3 que \u00abla deuda no puede pagarse a expensas del sacrificio y la pobreza de los trabajadores, quienes ya atraviesan una situaci\u00f3n lo suficientemente cr\u00edtica como para que se les reclame m\u00e1s esfuerzos\u00bb.<\/p>\n<p>En el extenso encuentro participaron, adem\u00e1s de Mart\u00ednez, los integrantes del consejo directivo H\u00e9ctor Daer, Andr\u00e9s Rodr\u00edguez y Antonio Cal\u00f3, y tambi\u00e9n asisti\u00f3 Esteban Castro en representaci\u00f3n de los trabajadores de la econom\u00eda popular (UTEP).<\/p>\n<h6>Fuente: Telam<\/h6>\n","protected":false},"excerpt":{"rendered":"<p>Los representantes del organismo escucharon los argumentos de industriales y trabajadores sobre la necesidad de generar en al Argentina las condiciones para promover la inversi\u00f3n productiva, generar empleo y enfrentar la pobreza creciente.<\/p>\n","protected":false},"author":2,"featured_media":107890,"comment_status":"closed","ping_status":"closed","sticky":false,"template":"","format":"standard","meta":{"footnotes":""},"categories":[8],"tags":[21],"class_list":["post-107889","post","type-post","status-publish","format-standard","has-post-thumbnail","hentry","category-informe-nacional","tag-argentina"],"_links":{"self":[{"href":"http:\/\/argentinamunicipal.com.ar\/argentina\/wp-json\/wp\/v2\/posts\/107889","targetHints":{"allow":["GET"]}}],"collection":[{"href":"http:\/\/argentinamunicipal.com.ar\/argentina\/wp-json\/wp\/v2\/posts"}],"about":[{"href":"http:\/\/argentinamunicipal.com.ar\/argentina\/wp-json\/wp\/v2\/types\/post"}],"author":[{"embeddable":true,"href":"http:\/\/argentinamunicipal.com.ar\/argentina\/wp-json\/wp\/v2\/users\/2"}],"replies":[{"embeddable":true,"href":"http:\/\/argentinamunicipal.com.ar\/argentina\/wp-json\/wp\/v2\/comments?post=107889"}],"version-history":[{"count":0,"href":"http:\/\/argentinamunicipal.com.ar\/argentina\/wp-json\/wp\/v2\/posts\/107889\/revisions"}],"wp:featuredmedia":[{"embeddable":true,"href":"http:\/\/argentinamunicipal.com.ar\/argentina\/wp-json\/wp\/v2\/media\/107890"}],"wp:attachment":[{"href":"http:\/\/argentinamunicipal.com.ar\/argentina\/wp-json\/wp\/v2\/media?parent=107889"}],"wp:term":[{"taxonomy":"category","embeddable":true,"href":"http:\/\/argentinamunicipal.com.ar\/argentina\/wp-json\/wp\/v2\/categories?post=107889"},{"taxonomy":"post_tag","embeddable":true,"href":"http:\/\/argentinamunicipal.com.ar\/argentina\/wp-json\/wp\/v2\/tags?post=107889"}],"curies":[{"name":"wp","href":"https:\/\/api.w.org\/{rel}","templated":true}]}}