{"id":10796,"date":"2014-07-02T10:20:12","date_gmt":"2014-07-02T13:20:12","guid":{"rendered":"http:\/\/argentinamunicipal.com.ar\/argentina\/?p=10796"},"modified":"2014-07-02T10:20:12","modified_gmt":"2014-07-02T13:20:12","slug":"conflicto-en-municipalidad-de-villa-regina","status":"publish","type":"post","link":"http:\/\/argentinamunicipal.com.ar\/argentina\/conflicto-en-municipalidad-de-villa-regina\/","title":{"rendered":"Conflicto en municipalidad de Villa Regina"},"content":{"rendered":"<p><a href=\"http:\/\/argentinamunicipal.com.ar\/argentina\/wp-content\/uploads\/2014\/07\/ATE-REGINA.jpg\"><img loading=\"lazy\" decoding=\"async\" class=\"alignleft size-full wp-image-10797\" src=\"http:\/\/argentinamunicipal.com.ar\/argentina\/wp-content\/uploads\/2014\/07\/ATE-REGINA.jpg\" alt=\"ATE-REGINA\" width=\"460\" height=\"320\" srcset=\"http:\/\/argentinamunicipal.com.ar\/argentina\/wp-content\/uploads\/2014\/07\/ATE-REGINA.jpg 460w, http:\/\/argentinamunicipal.com.ar\/argentina\/wp-content\/uploads\/2014\/07\/ATE-REGINA-300x208.jpg 300w\" sizes=\"auto, (max-width: 460px) 100vw, 460px\" \/><\/a>ATE convoc\u00f3 a realizar una movilizaci\u00f3n en la Casa de R\u00edo Negro en la ciudad de Buenos Aires ma\u00f1ana mi\u00e9rcoles 2 a partir de las 11. Adem\u00e1s UnTER y los Concejales de la Alianza Concertaci\u00f3n de Villa Regina repudiaron la represi\u00f3n a los sindicalistas durante su reclamo.<\/p>\n<p>Desde ATE afirmaron que comenzar\u00e1n a nacionalizar el reclamo por la reincorporaci\u00f3n de los 50 trabajadores despedidos en la Municipalidad de Villa Regina. Adem\u00e1s aseguraron que las medidas de fuerza en la referida comuna, ya ingresan en su tercer semana y que se cumplen 48 horas de la permanencia pac\u00edfica \u200eque los trabajadores llevan adelante en el edificio comunal.<\/p>\n<p>\u201cVamos a nacionalizar este grave conflicto y protestaremos ma\u00f1ana a partir de la 11 horas en la Capital Federal frente \u200ea la Casa de R\u00edo Negro. No podemos permitir que comiencen a despedir trabajadores en el Estado y menos a\u00fan que se utilice la represi\u00f3n policial para garantizar ese achique y ajuste\u201d, asegur\u00f3 Rodolfo Aguiar, Secretario General de ATE R\u00edo Negro, y agreg\u00f3: \u201cSin lugar a dudas que el Intendente Albrieu muestra una gran incompetencia para conducir la Municipalidad y para resolver este conflicto que afecta a toda la comunidad\u201d.<\/p>\n<p>El Consejo Directivo Central de UnTER repudi\u00f3 a trav\u00e9s de un comunicado el accionar policial en contra de municipales de Villa Regina, en protesta y reclamo por reincorporaci\u00f3n de trabajadores despedidos, adem\u00e1s de demandas salariales. \u201cEn vez de di\u00e1logo el ejecutivo municipal propone represi\u00f3n, es responsable entonces, de la integridad de los trabajadores y de la profundizaci\u00f3n del conflicto\u201d dijeron los docentes de Fiske Menuco.<\/p>\n<p>Por otra parte, el bloque de Concejales de la Uni\u00f3n C\u00edvica Radical tambi\u00e9n comunic\u00f3 su opini\u00f3n respecto al conflicto, enfatizaron \u201crechazamos la falta de di\u00e1logo por parte del Ejecutivo Municipal porque entendemos que es el principal canal para solucionar este tipo de conflictos. Rechazamos la persecuci\u00f3n ideol\u00f3gica a la cual est\u00e1n siendo sometidos los trabajadores nucleados en su mayor\u00eda en el gremio ATE. Rechazamos el constante uso del aparato represivo en el conflicto que sostiene el Poder Ejecutivo Municipal con el gremio ATE, tratando a los trabajadores como delincuentes. Rechazamos la permanente insistencia por parte del Poder Ejecutivo Municipal de querer dejar en todos los medios de comunicaci\u00f3n a este grupo de trabajadores como delincuentes y terroristas ante la opini\u00f3n p\u00fablica\u201d.<\/p>\n<p>Adem\u00e1s calificaron de antidemocr\u00e1tico el accionar por parte del ejecutivo \u201cla forma en que est\u00e1 tratando esta situaci\u00f3n con los trabajadores, ya que desconoce permanentemente el derecho de los mismos a la libre elecci\u00f3n del sindicato que los represente\u201d. \u201cNuestro bloque considera que se deben mantener abiertos los canales de di\u00e1logo y no provocar que los conflictos escalen a dimensiones a\u00fan mayores como la que estamos viviendo actualmente\u201d finalizaron .<\/p>\n<h3>Versi\u00f3n oficial<\/h3>\n<p>El Municipio de Villa Regina, a trav\u00e9s de un comunicado de prensa explic\u00f3 los sucesos de hoy durante la manifestaci\u00f3n de ATE.<\/p>\n<p>A continuaci\u00f3n el comunicado textual:<\/p>\n<p>Un grupo de afiliados a ATE, encabezados por el Titular del gremio, Rodolfo Aguiar, irrumpieron, de forma violenta, en el edificio central de la Municipalidad de Villa Regina, derribando a su paso vallas, golpeando al personal policial y arrojando gas pimienta en el interior de las instalaciones.<br \/>\nEl saldo de los disturbios fue una contribuyente golpeada, que se encontraba realizando tr\u00e1mites en el interior del Municipio; los empleados que se encontraban trabajando con principio de asfixia y reacciones al\u00e9rgicas, producto del gas arrojado por los manifestantes; y un empleado herido en sus ojos luego de que un manifestante le arrojara la carga de un matafuegos, directamente sobre los ojos, a tan solo 5 cent\u00edmetros de distancia, por lo que fue derivado al hospital local. La v\u00edctima, identificada como Fabio Soto, corre riesgo de p\u00e9rdida de visi\u00f3n en su ojo derecho. As\u00ed mismo, un grupo de manifestantes mantuvieron encerrado al Secretario de Coordinaci\u00f3n del Municipio, Miguel Quijano, en la sala de conferencias, por un lapso aproximado de 40 minutos.<\/p>\n<h6>Fuente: ADN R\u00edo Negro<\/h6>\n","protected":false},"excerpt":{"rendered":"<p>ATE convoc\u00f3 a realizar una movilizaci\u00f3n en la Casa de R\u00edo Negro en la ciudad de Buenos Aires ma\u00f1ana mi\u00e9rcoles 2 a partir de las 11. Adem\u00e1s UnTER y los Concejales de la Alianza Concertaci\u00f3n de Villa Regina repudiaron la represi\u00f3n a los sindicalistas durante su reclamo. Desde ATE afirmaron que comenzar\u00e1n a nacionalizar el<\/p>\n","protected":false},"author":2,"featured_media":10797,"comment_status":"closed","ping_status":"closed","sticky":false,"template":"","format":"standard","meta":{"footnotes":""},"categories":[7],"tags":[11],"class_list":["post-10796","post","type-post","status-publish","format-standard","has-post-thumbnail","hentry","category-informe-sindical","tag-rio-negro"],"_links":{"self":[{"href":"http:\/\/argentinamunicipal.com.ar\/argentina\/wp-json\/wp\/v2\/posts\/10796","targetHints":{"allow":["GET"]}}],"collection":[{"href":"http:\/\/argentinamunicipal.com.ar\/argentina\/wp-json\/wp\/v2\/posts"}],"about":[{"href":"http:\/\/argentinamunicipal.com.ar\/argentina\/wp-json\/wp\/v2\/types\/post"}],"author":[{"embeddable":true,"href":"http:\/\/argentinamunicipal.com.ar\/argentina\/wp-json\/wp\/v2\/users\/2"}],"replies":[{"embeddable":true,"href":"http:\/\/argentinamunicipal.com.ar\/argentina\/wp-json\/wp\/v2\/comments?post=10796"}],"version-history":[{"count":0,"href":"http:\/\/argentinamunicipal.com.ar\/argentina\/wp-json\/wp\/v2\/posts\/10796\/revisions"}],"wp:featuredmedia":[{"embeddable":true,"href":"http:\/\/argentinamunicipal.com.ar\/argentina\/wp-json\/wp\/v2\/media\/10797"}],"wp:attachment":[{"href":"http:\/\/argentinamunicipal.com.ar\/argentina\/wp-json\/wp\/v2\/media?parent=10796"}],"wp:term":[{"taxonomy":"category","embeddable":true,"href":"http:\/\/argentinamunicipal.com.ar\/argentina\/wp-json\/wp\/v2\/categories?post=10796"},{"taxonomy":"post_tag","embeddable":true,"href":"http:\/\/argentinamunicipal.com.ar\/argentina\/wp-json\/wp\/v2\/tags?post=10796"}],"curies":[{"name":"wp","href":"https:\/\/api.w.org\/{rel}","templated":true}]}}