{"id":108050,"date":"2020-10-15T06:12:24","date_gmt":"2020-10-15T09:12:24","guid":{"rendered":"http:\/\/argentinamunicipal.com.ar\/argentina\/?p=108050"},"modified":"2020-10-14T20:16:07","modified_gmt":"2020-10-14T23:16:07","slug":"ruidosa-protesta-de-municipales-rosarinos-instalaron-una-carpa-en-reclamo-de-una-recomposicion-salarial","status":"publish","type":"post","link":"http:\/\/argentinamunicipal.com.ar\/argentina\/ruidosa-protesta-de-municipales-rosarinos-instalaron-una-carpa-en-reclamo-de-una-recomposicion-salarial\/","title":{"rendered":"Ruidosa protesta de municipales rosarinos: instalaron una carpa en reclamo de una recomposici\u00f3n salarial"},"content":{"rendered":"<p>Los trabajadores exigen una respuesta \u00aburgente y para obtener un salario digno\u00bb.<\/p>\n<p>Bocinazos, sirenas sonando, c\u00e1nticos y un \u00fanico reclamo: los trabajadores municipales exigen una recomposici\u00f3n salarial urgente y su pedido qued\u00f3 plasmado desde este lunes a la noche cuando instalaron frente al Palacio de los Leones la que denominaron \u00abCarpa de la Dignidad\u00bb. \u00abNo hablamos de aumento, hablamos de recomposici\u00f3n salarial, y que sea urgente y digna\u00bb, se\u00f1al\u00f3 Yamile Baclini, la secretaria adjunta del gremio municipal.<\/p>\n<p>Esta ma\u00f1ana, un nutrido grupos de trabajadores y trabajadoras municipales cort\u00f3 por espacio de unos minutos el tr\u00e1nsito por calle Buenos Aires, frente al edificio municipal, para hacer notar su reclamo. \u00abEsto se hace en el marco de llevar adelante distintas medidas de manera de visibilizar nuestro reclamo, que es una recomposici\u00f3n salarial urgente y digna. Que se reconozca el trabajo de la gente que viene trabajando pero tambi\u00e9n de aquellas personas de mayor vulnerabilidad, que son nuestros jubilados y pensionados\u00bb, explic\u00f3 Baclini desde la concentraci\u00f3n a\u00a0La Capital.<\/p>\n<p>La gremialista se refiri\u00f3 a la negativa de aceptar sumas en negro y destac\u00f3 que esa actitud \u00abimplica dejar afuera a toda esa parte de nuestra comunidad como son los jubilados y pensionados y va en detrimento de nuestras obras sociales y de nuestro sistema previsional, que tiene m\u00e1s de 100 a\u00f1os, que se viene sosteniendo con orgullo y que permite que el d\u00eda de ma\u00f1ana nos jubilemos con el 82 por ciento m\u00f3vil. No queremos pasar por esa situaci\u00f3n de que se afecte el d\u00eda de ma\u00f1ana una jubilaci\u00f3n digna\u00bb.<\/p>\n<p>Baclini destac\u00f3 que la aceptaci\u00f3n de sumas en negro, adem\u00e1s, implica ir \u00aben contra del desarrollo de una carrera, de la antig\u00fcedad, de la especializaci\u00f3n de cada trabajador. Desde el primer momento, los trabajadores municipales le hicieron frente a la pandemia. En la salud p\u00fablica, en las distintas \u00e1reas de control y convivencia, en \u00e1reas de parques y paseos, el control respecto del dengue, todo lo que tiene que ver con el cuidado de la ciudadan\u00eda, porque las \u00e1reas m\u00e1s vulnerables de la ciudad tambi\u00e9n son atendidas por trabajadores municipales. Por eso necesitamos una recomposici\u00f3n salarial. Hoy la falta de aumento es una baja en el salario\u00bb.<\/p>\n<p>Consultada sobre cu\u00e1nto era la cifra de recomposici\u00f3n que estaban manejando desde el gremio, Baclini destac\u00f3 que\u00a0no se habl\u00f3 de cifras: \u00abLo que queremos es una recomposici\u00f3n digna y para ser digna debe ser en blanco. El Estado no puede transmitir el hecho de poner cifras en negro sino que debe cuidar a sus trabajadores y dar el ejemplo para los sectores privados\u00bb.<\/p>\n<p>La secretaria adjunta del gremio dijo que ya los trabajadores y trabajadores se quedaron sin la aplicaci\u00f3n de la cl\u00e1usula gatillo y que durante 2020 no hubo ning\u00fan aumento salarial: \u00abHablamos de recomposici\u00f3n y no de aumento porque en realidad lo que queremos es evitar retroceder ante la inflaci\u00f3n y no seguir perdiendo el poder adquisitivo de los trabajadores. Lo que vos cobr\u00e1s cada vez rinde menos porque cada vez cobramos menos. Por eso vemos que ya hay una inflaci\u00f3n que ronda el 19 o 20 por ciento. \u00abEntendemos que tiene que venir por ese lado\u00bb.<\/p>\n<p>Acerca de si alg\u00fan funcionario de la Municipalidad se hab\u00eda acercado a dialogar o a plantear alg\u00fan tipo de encuentro con los trabajadores, Baclini coment\u00f3 que \u00abpor lo pronto el di\u00e1logo est\u00e1 y valoramos eso. Entendemos el contexto en que se da esta situaci\u00f3n y por eso elegimos esta forma de\u00a0protesta\u00a0y no otra. El problema no es con los rosarinos y rosarinas sino con los gobiernos que no toman la decisi\u00f3n de otorgar un salario digno. Para eso los elegimos, para que se comprometan con la gente y los trabajadores\u00bb.<\/p>\n<p>\u00abPor el momento no tuvimos ninguna convocatoria pero estamos expectantes. Ojal\u00e1 esta medida sirva para que se visibilice nuestra situaci\u00f3n y se tome una decisi\u00f3n que es cuidar a la gente, como tambi\u00e9n los trabajadores y trabajadoras lo est\u00e1n haciendo\u00bb, redonde\u00f3.<\/p>\n<h6>Fuente: La Capital<\/h6>\n","protected":false},"excerpt":{"rendered":"<p>Los trabajadores exigen una respuesta \u00aburgente y para obtener un salario digno\u00bb.<\/p>\n","protected":false},"author":2,"featured_media":108051,"comment_status":"closed","ping_status":"closed","sticky":false,"template":"","format":"standard","meta":{"footnotes":""},"categories":[7],"tags":[10],"class_list":["post-108050","post","type-post","status-publish","format-standard","has-post-thumbnail","hentry","category-informe-sindical","tag-santa-fe"],"_links":{"self":[{"href":"http:\/\/argentinamunicipal.com.ar\/argentina\/wp-json\/wp\/v2\/posts\/108050","targetHints":{"allow":["GET"]}}],"collection":[{"href":"http:\/\/argentinamunicipal.com.ar\/argentina\/wp-json\/wp\/v2\/posts"}],"about":[{"href":"http:\/\/argentinamunicipal.com.ar\/argentina\/wp-json\/wp\/v2\/types\/post"}],"author":[{"embeddable":true,"href":"http:\/\/argentinamunicipal.com.ar\/argentina\/wp-json\/wp\/v2\/users\/2"}],"replies":[{"embeddable":true,"href":"http:\/\/argentinamunicipal.com.ar\/argentina\/wp-json\/wp\/v2\/comments?post=108050"}],"version-history":[{"count":0,"href":"http:\/\/argentinamunicipal.com.ar\/argentina\/wp-json\/wp\/v2\/posts\/108050\/revisions"}],"wp:featuredmedia":[{"embeddable":true,"href":"http:\/\/argentinamunicipal.com.ar\/argentina\/wp-json\/wp\/v2\/media\/108051"}],"wp:attachment":[{"href":"http:\/\/argentinamunicipal.com.ar\/argentina\/wp-json\/wp\/v2\/media?parent=108050"}],"wp:term":[{"taxonomy":"category","embeddable":true,"href":"http:\/\/argentinamunicipal.com.ar\/argentina\/wp-json\/wp\/v2\/categories?post=108050"},{"taxonomy":"post_tag","embeddable":true,"href":"http:\/\/argentinamunicipal.com.ar\/argentina\/wp-json\/wp\/v2\/tags?post=108050"}],"curies":[{"name":"wp","href":"https:\/\/api.w.org\/{rel}","templated":true}]}}