{"id":1082,"date":"2014-02-14T21:41:51","date_gmt":"2014-02-15T00:41:51","guid":{"rendered":"http:\/\/argentinamunicipal.com.ar\/argentina\/?p=1082"},"modified":"2014-02-14T21:41:51","modified_gmt":"2014-02-15T00:41:51","slug":"diputados-radicales-entrerrianos-anunciaran-proyetos-para-mejorar-coparticipacion-a-municipios","status":"publish","type":"post","link":"http:\/\/argentinamunicipal.com.ar\/argentina\/diputados-radicales-entrerrianos-anunciaran-proyetos-para-mejorar-coparticipacion-a-municipios\/","title":{"rendered":"Diputados radicales entrerrianos anunciar\u00e1n proyetos para mejorar coparticipaci\u00f3n a municipios"},"content":{"rendered":"<p>El radicalismo entrerriano, a trav\u00e9s de su bloque legislativo en la C\u00e1mara de Diputados, anunciar\u00e1 este lunes la presentaci\u00f3n de una bater\u00eda de proyectos tendientes a \u201cmejorar la remisi\u00f3n de los fondos de coparticipaci\u00f3n a los municipios\u201d. Una de las iniciativas, que fue presentada este mi\u00e9rcoles, propone la derogaci\u00f3n de un art\u00edculo de la reforma tributaria, informaron a APFDigital fuentes partidarias<\/p>\n<p>El encuentro fue programado para el pr\u00f3ximo lunes 17 a las 10:30 en el bloque de Diputados provinciales de la Uni\u00f3n C\u00edvica Radical, en casa de Gobierno.<\/p>\n<p>Con la presencia de autoridades partidarias encabezadas por el presidente del Comit\u00e9 Provincial, Jorge D&#8217;Agostino y de integrantes de la bancada que preside el diputado Agust\u00edn Federik, se brindar\u00e1n precisiones sobre las iniciativas que tiene en carpeta el radicalismo en cuanto a la coparticipaci\u00f3n.<\/p>\n<p>Uno de esos proyectos ya tuvo entrada ayer en la C\u00e1mara baja: propicia la derogaci\u00f3n del art\u00edculo 23 de la ley 10.270 y se establece que los c\u00e1lculos relativos a la coparticipaci\u00f3n correspondiente a Municipios y Comunas deber\u00e1n realizarse desde el 1\u00ba de enero de 2014, fecha de corte que el Poder Ejecutivo tomar\u00e1 como data de inicio para el env\u00edo de las remesas diarias.<\/p>\n<h6>Fuente: APFDigital<\/h6>\n","protected":false},"excerpt":{"rendered":"<p>El radicalismo entrerriano, a trav\u00e9s de su bloque legislativo en la C\u00e1mara de Diputados, anunciar\u00e1 este lunes la presentaci\u00f3n de una bater\u00eda de proyectos tendientes a \u201cmejorar la remisi\u00f3n de los fondos de coparticipaci\u00f3n a los municipios\u201d. Una de las iniciativas, que fue presentada este mi\u00e9rcoles, propone la derogaci\u00f3n de un art\u00edculo de la reforma<\/p>\n","protected":false},"author":1,"featured_media":1083,"comment_status":"closed","ping_status":"closed","sticky":false,"template":"","format":"standard","meta":{"footnotes":""},"categories":[4],"tags":[17],"class_list":["post-1082","post","type-post","status-publish","format-standard","has-post-thumbnail","hentry","category-informe-politico","tag-entre-rios"],"_links":{"self":[{"href":"http:\/\/argentinamunicipal.com.ar\/argentina\/wp-json\/wp\/v2\/posts\/1082","targetHints":{"allow":["GET"]}}],"collection":[{"href":"http:\/\/argentinamunicipal.com.ar\/argentina\/wp-json\/wp\/v2\/posts"}],"about":[{"href":"http:\/\/argentinamunicipal.com.ar\/argentina\/wp-json\/wp\/v2\/types\/post"}],"author":[{"embeddable":true,"href":"http:\/\/argentinamunicipal.com.ar\/argentina\/wp-json\/wp\/v2\/users\/1"}],"replies":[{"embeddable":true,"href":"http:\/\/argentinamunicipal.com.ar\/argentina\/wp-json\/wp\/v2\/comments?post=1082"}],"version-history":[{"count":0,"href":"http:\/\/argentinamunicipal.com.ar\/argentina\/wp-json\/wp\/v2\/posts\/1082\/revisions"}],"wp:featuredmedia":[{"embeddable":true,"href":"http:\/\/argentinamunicipal.com.ar\/argentina\/wp-json\/wp\/v2\/media\/1083"}],"wp:attachment":[{"href":"http:\/\/argentinamunicipal.com.ar\/argentina\/wp-json\/wp\/v2\/media?parent=1082"}],"wp:term":[{"taxonomy":"category","embeddable":true,"href":"http:\/\/argentinamunicipal.com.ar\/argentina\/wp-json\/wp\/v2\/categories?post=1082"},{"taxonomy":"post_tag","embeddable":true,"href":"http:\/\/argentinamunicipal.com.ar\/argentina\/wp-json\/wp\/v2\/tags?post=1082"}],"curies":[{"name":"wp","href":"https:\/\/api.w.org\/{rel}","templated":true}]}}