{"id":108210,"date":"2020-10-20T05:53:52","date_gmt":"2020-10-20T08:53:52","guid":{"rendered":"http:\/\/argentinamunicipal.com.ar\/argentina\/?p=108210"},"modified":"2020-10-19T13:58:43","modified_gmt":"2020-10-19T16:58:43","slug":"la-municipalidad-de-santa-fe-hara-un-relevamiento-de-ninos-y-adolescentes-en-situacion-de-calle","status":"publish","type":"post","link":"http:\/\/argentinamunicipal.com.ar\/argentina\/la-municipalidad-de-santa-fe-hara-un-relevamiento-de-ninos-y-adolescentes-en-situacion-de-calle\/","title":{"rendered":"La Municipalidad de Santa Fe har\u00e1 un relevamiento de ni\u00f1os y adolescentes en situaci\u00f3n de calle \u00a0"},"content":{"rendered":"<p>A partir del informe, construir\u00e1n el diagn\u00f3stico de los casos en la ciudad de Santa Fe y permitir\u00e1 crear estrategias de acompa\u00f1amiento a las familias. Las tareas comenzar\u00e1n este lunes, en conjunto con la Asociaci\u00f3n Civil \u00abJuanito Laguna\u00bb.<\/p>\n<p>Este lunes, la Municipalidad de la ciudad de Santa Fe comenzar\u00e1 un relevamiento sobre ni\u00f1os, ni\u00f1as y adolescentes que se encuentran en situaci\u00f3n de calle, en diferentes zonas de la capital provincial. El operativo estar\u00e1 a cargo de la secretar\u00eda de Pol\u00edticas de Cuidados y Acci\u00f3n Social del municipio, de manera conjunta con la Asociaci\u00f3n Civil \u201cJuanito Laguna\u201d.<\/p>\n<p>La Municipalidad diagram\u00f3 un trabajo a realizar en el corto y mediano plazo, destinado a censar a las infancias en estas situaciones, articulando sus equipos sociales con integrantes de \u201cJuanito Laguna\u201d. La labor de la asociaci\u00f3n civil se realizar\u00e1 en la zona comprendida por calle Calcena, avenida General Paz, avenida Freyre, Alem y V\u00e9lez Sarsfield. En tanto, el municipio se centrar\u00e1 en la zona centro-norte de la ciudad (este y oeste). En ambos casos, los recorridos se realizaran en diferentes turnos.<\/p>\n<p><strong>Finalidad<\/strong><br \/>\nEl objetivo es reunir informaci\u00f3n precisa sobre la cantidad de ni\u00f1as, ni\u00f1os y adolescentes atravesados por esta realidad para abordarla de manera interinstitucional e integral. El relevamiento permitir\u00e1 construir el diagn\u00f3stico de los casos y pensar\u00a0estrategias de acompa\u00f1amiento\u00a0a las familias.<\/p>\n<p>Tambi\u00e9n se pretende implementar un espacio de cuidado y referencia para ni\u00f1os y ni\u00f1as en situaci\u00f3n de calle que brinde\u00a0alimentaci\u00f3n, contenci\u00f3n y acompa\u00f1amiento pedag\u00f3gico, l\u00fadico y ocupacional. Ser\u00e1 un centro de d\u00eda que tendr\u00e1 como eje el taller gr\u00e1fico desde el cual los y las adolescentes se integran a la propuesta.<\/p>\n<p><strong>Situaci\u00f3n compleja<\/strong><br \/>\nLa secretaria de Pol\u00edticas de Cuidados y Acci\u00f3n Social del municipio, Victoria Rey, asegur\u00f3 que \u201cla situaci\u00f3n de calle\u00a0es compleja, por lo que debe tener una respuesta en tanto pol\u00edtica de Estado\u201d.<\/p>\n<p>Seg\u00fan explic\u00f3, \u201cla ni\u00f1ez en situaci\u00f3n de calle en Santa Fe se vincula a las estrategias de subsistencia de los y las adultas de referencia, por lo cual muchos ni\u00f1os y ni\u00f1as realizan actividades que complementan\u00a0el ingreso de la familia, en su gran mayor\u00eda, venta ambulante o mendicidad, expuestos a las vulneraciones y atravesados por diferentes situaciones de violencia y consumos problem\u00e1ticos\u201d.<\/p>\n<p>Rey indic\u00f3 que \u201cla prioridad est\u00e1 puesta en conocer la realidad de cada ni\u00f1o o ni\u00f1a para poder trabajar articuladamente entre las instituciones que en muchos casos acompa\u00f1an a esas familias, con el objetivo de ofrecer una alternativa a la calle\u201d. Adem\u00e1s asever\u00f3 que \u201ces una decisi\u00f3n pol\u00edtica el abordaje de esta situaci\u00f3n debido a que como Estado Municipal tenemos como prioridad garantizar y proteger los derechos de las infancias\u201d.<\/p>\n<h6>Fuente: Sin Mordaza<\/h6>\n","protected":false},"excerpt":{"rendered":"<p>A partir del informe, construir\u00e1n el diagn\u00f3stico de los casos en la ciudad de Santa Fe y permitir\u00e1 crear estrategias de acompa\u00f1amiento a las familias. Las tareas comenzar\u00e1n este lunes, en conjunto con la Asociaci\u00f3n Civil \u00abJuanito Laguna\u00bb.<br \/>\n\u00a0<\/p>\n","protected":false},"author":2,"featured_media":108211,"comment_status":"closed","ping_status":"closed","sticky":false,"template":"","format":"standard","meta":{"footnotes":""},"categories":[2],"tags":[10],"class_list":["post-108210","post","type-post","status-publish","format-standard","has-post-thumbnail","hentry","category-informe-municipal","tag-santa-fe"],"_links":{"self":[{"href":"http:\/\/argentinamunicipal.com.ar\/argentina\/wp-json\/wp\/v2\/posts\/108210","targetHints":{"allow":["GET"]}}],"collection":[{"href":"http:\/\/argentinamunicipal.com.ar\/argentina\/wp-json\/wp\/v2\/posts"}],"about":[{"href":"http:\/\/argentinamunicipal.com.ar\/argentina\/wp-json\/wp\/v2\/types\/post"}],"author":[{"embeddable":true,"href":"http:\/\/argentinamunicipal.com.ar\/argentina\/wp-json\/wp\/v2\/users\/2"}],"replies":[{"embeddable":true,"href":"http:\/\/argentinamunicipal.com.ar\/argentina\/wp-json\/wp\/v2\/comments?post=108210"}],"version-history":[{"count":0,"href":"http:\/\/argentinamunicipal.com.ar\/argentina\/wp-json\/wp\/v2\/posts\/108210\/revisions"}],"wp:featuredmedia":[{"embeddable":true,"href":"http:\/\/argentinamunicipal.com.ar\/argentina\/wp-json\/wp\/v2\/media\/108211"}],"wp:attachment":[{"href":"http:\/\/argentinamunicipal.com.ar\/argentina\/wp-json\/wp\/v2\/media?parent=108210"}],"wp:term":[{"taxonomy":"category","embeddable":true,"href":"http:\/\/argentinamunicipal.com.ar\/argentina\/wp-json\/wp\/v2\/categories?post=108210"},{"taxonomy":"post_tag","embeddable":true,"href":"http:\/\/argentinamunicipal.com.ar\/argentina\/wp-json\/wp\/v2\/tags?post=108210"}],"curies":[{"name":"wp","href":"https:\/\/api.w.org\/{rel}","templated":true}]}}