{"id":108213,"date":"2020-10-19T14:03:51","date_gmt":"2020-10-19T17:03:51","guid":{"rendered":"http:\/\/argentinamunicipal.com.ar\/argentina\/?p=108213"},"modified":"2020-10-19T14:03:51","modified_gmt":"2020-10-19T17:03:51","slug":"el-fuego-arraso-con-las-casas-de-los-islenos-del-cordon-industrial","status":"publish","type":"post","link":"http:\/\/argentinamunicipal.com.ar\/argentina\/el-fuego-arraso-con-las-casas-de-los-islenos-del-cordon-industrial\/","title":{"rendered":"El fuego arras\u00f3 con las casas de los isle\u00f1os del Cord\u00f3n Industrial"},"content":{"rendered":"<p>En la noche de este domingo los incendios fueron incesantes y arrasaron con las viviendas de la zona.<\/p>\n<p>Nuevamente, los incendios en el Delta del Paran\u00e1 dejaron una tr\u00e1gica huella. Un foco \u00edgneo sobre las islas frente al Cord\u00f3n Industrial,\u00a0arras\u00f3 con las casas\u00a0de los pobladores durante la madrugada del domingo. Situaci\u00f3n similar tuvo lugar el viernes, por lo que exigieron de forma urgente la presencia del Estado, m\u00e1s brigadistas y mejor equipamiento para los mismos.<\/p>\n<p>Desde el Movimiento Regional en Defensa de los Humedales del Cord\u00f3n Industrial, emitieron un comunicado de prensa oficial para\u00a0visibilizar el duro momento\u00a0que atraviesan los isle\u00f1os de la zona.<\/p>\n<p>\u201cHoy nuevamente ardieron las islas frente al cord\u00f3n industrial y les voluntaries del Movimiento Regional en Defensa de los Humedales del Cord\u00f3n Industrial volvimos a cruzar para intentar sofocar las llamas que llegaron hasta los ranchos de las familias isleras.\u00a0La devastaci\u00f3n fue total, no quedo nada\u201d, manifestaron desde la organizaci\u00f3n.<\/p>\n<p>\u201cLes voluntaries salieron a\u00a0combatir el fuego\u00a0en la zona frente a la desembocadura del arroyo San Lorenzo convocados de emergencia por gente que ya estaba en la isla. Pr\u00e1cticamente de noche, se dej\u00f3 todo, como el viernes trabajando junto a los compa\u00f1eros de la Brigada Punta de Flecha, pero esta vez no se pudo salvar nada. Las familias de la zona perdieron absolutamente todo despu\u00e9s de horas de pelear contra el fuego. Nuevamente la ausencia total del estado\u201d, agregaron.<\/p>\n<p>\u201cNuevamente la desidia frente al ecocidio y frente a las vidas en peligro. Est\u00e1 situaci\u00f3n es insostenible.\u00a0Exigimos\u00a0la presencia del estado de manera inmediata. Necesitamos m\u00e1s brigadistas, mejor equipados, tareas de prevenci\u00f3n, de control de focos peque\u00f1os. La tragedia ambiental es incalculable, el da\u00f1o a la salud tambi\u00e9n\u201d, finalizaron.<\/p>\n<h6>Fuente: Sin Mordaza<\/h6>\n","protected":false},"excerpt":{"rendered":"<p>En la noche de este domingo los incendios fueron incesantes y arrasaron con las viviendas de la zona.<\/p>\n","protected":false},"author":2,"featured_media":108214,"comment_status":"closed","ping_status":"closed","sticky":false,"template":"","format":"standard","meta":{"footnotes":""},"categories":[2],"tags":[10],"class_list":["post-108213","post","type-post","status-publish","format-standard","has-post-thumbnail","hentry","category-informe-municipal","tag-santa-fe"],"_links":{"self":[{"href":"http:\/\/argentinamunicipal.com.ar\/argentina\/wp-json\/wp\/v2\/posts\/108213","targetHints":{"allow":["GET"]}}],"collection":[{"href":"http:\/\/argentinamunicipal.com.ar\/argentina\/wp-json\/wp\/v2\/posts"}],"about":[{"href":"http:\/\/argentinamunicipal.com.ar\/argentina\/wp-json\/wp\/v2\/types\/post"}],"author":[{"embeddable":true,"href":"http:\/\/argentinamunicipal.com.ar\/argentina\/wp-json\/wp\/v2\/users\/2"}],"replies":[{"embeddable":true,"href":"http:\/\/argentinamunicipal.com.ar\/argentina\/wp-json\/wp\/v2\/comments?post=108213"}],"version-history":[{"count":0,"href":"http:\/\/argentinamunicipal.com.ar\/argentina\/wp-json\/wp\/v2\/posts\/108213\/revisions"}],"wp:featuredmedia":[{"embeddable":true,"href":"http:\/\/argentinamunicipal.com.ar\/argentina\/wp-json\/wp\/v2\/media\/108214"}],"wp:attachment":[{"href":"http:\/\/argentinamunicipal.com.ar\/argentina\/wp-json\/wp\/v2\/media?parent=108213"}],"wp:term":[{"taxonomy":"category","embeddable":true,"href":"http:\/\/argentinamunicipal.com.ar\/argentina\/wp-json\/wp\/v2\/categories?post=108213"},{"taxonomy":"post_tag","embeddable":true,"href":"http:\/\/argentinamunicipal.com.ar\/argentina\/wp-json\/wp\/v2\/tags?post=108213"}],"curies":[{"name":"wp","href":"https:\/\/api.w.org\/{rel}","templated":true}]}}