{"id":108258,"date":"2020-10-20T06:09:40","date_gmt":"2020-10-20T09:09:40","guid":{"rendered":"http:\/\/argentinamunicipal.com.ar\/argentina\/?p=108258"},"modified":"2020-10-20T06:09:40","modified_gmt":"2020-10-20T09:09:40","slug":"festram-santa-fe-gestiona-el-cobro-del-aumento-para-el-sector-pasivo","status":"publish","type":"post","link":"http:\/\/argentinamunicipal.com.ar\/argentina\/festram-santa-fe-gestiona-el-cobro-del-aumento-para-el-sector-pasivo\/","title":{"rendered":"FESTRAM Santa Fe gestiona el cobro del aumento para el sector pasivo"},"content":{"rendered":"<p>SE HAR\u00c1 EFECTIVO EL PAGO PARA JUBILADOS Y PENSIONADOS<\/p>\n<p>En el acuerdo paritario firmado por FESTRAM y los Intendentes, se incluy\u00f3 el aumento destinado al sector pasivo que beneficiar\u00e1 a todas las y los jubilados y pensionados de Municipalidades y Comunas de toda la Provincia de Santa Fe.<\/p>\n<p>El incremento fijado fue de $ 3.000, como monto \u00fanico retroactivo al mes de setiembre; ese monto se extender\u00e1 durante los meses de Octubre y Noviembre respectivamente. En tanto a partir del mes de diciembre se aplica un incremento en los haberes del 18% que impacta en el aguinaldo, sumando en enero un 2% totalizando el 20% correspondiente a la pol\u00edtica salarial del a\u00f1os 2020<\/p>\n<p>A los efectos que el sector pasivo perciba este aumento paritario, FESTRAM realiz\u00f3 la correspondiente gesti\u00f3n ante la Caja de Jubilaciones y Pensiones de la Provincia de Santa Fe, en donde tienen beneficiarios pertenecientes a 304 Administraciones Locales.<\/p>\n<p>Similar tr\u00e1mite se concret\u00f3 ante la Caja de Jubilaciones y Pensiones Municipal de Santa Fe, que incluye 52 Municipios y Comunas, que involucran a 21 Sindicatos municipales.<\/p>\n<p>Ambas Cajas Previsionales informar\u00e1n a la brevedad el cronograma de pagos, que una vez oficializado, FESTRAM comunicar\u00e1 a los beneficiarios y a los respectivos Sindicatos.<\/p>\n<p>Por \u00faltimo, el Secretario General de la Federaci\u00f3n, Claudio Leoni, expres\u00f3 su satisfacci\u00f3n por cumplir con uno de los fundamentos del reclamo por el cual el aumento que se acordara en paritaria, deb\u00eda hacerse extensivo a los Jubilados y Pensionados; como tambi\u00e9n a todos los trabajadores activos, cualquiera sea su forma de contrataci\u00f3n como personal permanente, contratados, eventuales y otras modalidades de prestaci\u00f3n de servicios.<\/p>\n<p>Leoni asever\u00f3, que:\u00a0\u201c\u2026 no solamente deb\u00edamos cristalizar la inclusi\u00f3n del sector pasivo, en el acta paritaria, sino ten\u00edamos que asegurar que se concrete el cobro del incremento paritario, para lo cual desde FESTRAM, se realiz\u00f3 la correspondiente gesti\u00f3n institucional\u00bb.<\/p>\n<h6>PRENSA FESTRAM<\/h6>\n","protected":false},"excerpt":{"rendered":"<p>SE HAR\u00c1 EFECTIVO EL PAGO PARA JUBILADOS Y PENSIONADOS<\/p>\n","protected":false},"author":2,"featured_media":108259,"comment_status":"closed","ping_status":"closed","sticky":false,"template":"","format":"standard","meta":{"footnotes":""},"categories":[7],"tags":[10],"class_list":["post-108258","post","type-post","status-publish","format-standard","has-post-thumbnail","hentry","category-informe-sindical","tag-santa-fe"],"_links":{"self":[{"href":"http:\/\/argentinamunicipal.com.ar\/argentina\/wp-json\/wp\/v2\/posts\/108258","targetHints":{"allow":["GET"]}}],"collection":[{"href":"http:\/\/argentinamunicipal.com.ar\/argentina\/wp-json\/wp\/v2\/posts"}],"about":[{"href":"http:\/\/argentinamunicipal.com.ar\/argentina\/wp-json\/wp\/v2\/types\/post"}],"author":[{"embeddable":true,"href":"http:\/\/argentinamunicipal.com.ar\/argentina\/wp-json\/wp\/v2\/users\/2"}],"replies":[{"embeddable":true,"href":"http:\/\/argentinamunicipal.com.ar\/argentina\/wp-json\/wp\/v2\/comments?post=108258"}],"version-history":[{"count":0,"href":"http:\/\/argentinamunicipal.com.ar\/argentina\/wp-json\/wp\/v2\/posts\/108258\/revisions"}],"wp:featuredmedia":[{"embeddable":true,"href":"http:\/\/argentinamunicipal.com.ar\/argentina\/wp-json\/wp\/v2\/media\/108259"}],"wp:attachment":[{"href":"http:\/\/argentinamunicipal.com.ar\/argentina\/wp-json\/wp\/v2\/media?parent=108258"}],"wp:term":[{"taxonomy":"category","embeddable":true,"href":"http:\/\/argentinamunicipal.com.ar\/argentina\/wp-json\/wp\/v2\/categories?post=108258"},{"taxonomy":"post_tag","embeddable":true,"href":"http:\/\/argentinamunicipal.com.ar\/argentina\/wp-json\/wp\/v2\/tags?post=108258"}],"curies":[{"name":"wp","href":"https:\/\/api.w.org\/{rel}","templated":true}]}}