{"id":108273,"date":"2020-10-21T05:27:54","date_gmt":"2020-10-21T08:27:54","guid":{"rendered":"http:\/\/argentinamunicipal.com.ar\/argentina\/?p=108273"},"modified":"2020-10-20T06:35:20","modified_gmt":"2020-10-20T09:35:20","slug":"la-provincia-de-salta-perdio-10-200-empleos-privados-entre-marzo-y-julio","status":"publish","type":"post","link":"http:\/\/argentinamunicipal.com.ar\/argentina\/la-provincia-de-salta-perdio-10-200-empleos-privados-entre-marzo-y-julio\/","title":{"rendered":"La provincia de Salta perdi\u00f3 10.200 empleos privados entre marzo y julio"},"content":{"rendered":"<p>Sigue la ca\u00edda del trabajo en Salta, que tiene uno de los peores indicadores del pa\u00eds. En el s\u00e9ptimo mes del a\u00f1o se registraron 106.000 puestos laborales en la parte privada.<\/p>\n<p>Cuando todo indicaba que la p\u00e9rdida del empleo formal privado en la provincia hab\u00eda llegado a un piso en junio, un mes despu\u00e9s las estad\u00edsticas del Ministerio de Trabajo de Naci\u00f3n marcaron que el descenso de los puestos laborales contin\u00faa desde abril.<\/p>\n<p>Es uno de los siete distritos nacionales que registr\u00f3 una ca\u00edda intermensual de trabajo privado en julio, de acuerdo a un reciente informe del organismo. Entre esas provincias, Salta es la tercera que mayor p\u00e9rdida proporcional de empleo tuvo en un mes, con un 0,9% por debajo de junio. Son 800 personas afectadas. Con m\u00e1s dramatismo se podr\u00eda decir que durante julio se perdieron 26 puestos privados por d\u00eda.<\/p>\n<p>Adem\u00e1s de Salta, las mayores ca\u00eddas se registraron en Neuqu\u00e9n (-2,2%), Santiago del Estero (-1,1%), Mendoza (-0,7%), Tucum\u00e1n (-0,5%), Formosa (0,4%) y R\u00edo Negro (-0,2%). En la media nacional hubo un crecimiento intermensual del 0,3%.<\/p>\n<p>116\u00a0mil puestos laborales en el \u00e1mbito privado formal de la provincia hab\u00eda en marzo pasado.<\/p>\n<p>La provincia se qued\u00f3 en el s\u00e9ptimo mes del a\u00f1o con 106.000 puestos laborales privados registrados. Comparado con el mismo per\u00edodo del a\u00f1o pasado, hubo 8.500 trabajadores menos, lo que representa una ca\u00edda interanual del 7,4%. En ese indicador, Salta solo es superada por San Juan (-10,5%), Neuqu\u00e9n (-10,1%), Mendoza (-7,8%). El promedio del pa\u00eds marc\u00f3 una ca\u00edda del 5%.<\/p>\n<p>La influencia de la enfermedad del coronavirus en la crisis laboral se puede observar en la l\u00ednea descendente del trabajo privado que va desde marzo a julio. En esos meses se perdieron 10.200 puestos en Salta.<\/p>\n<p><strong>Relaci\u00f3n<\/strong><\/p>\n<p>Con los lamentables n\u00fameros laborales que est\u00e1 dejando la pandemia del COVID-19 sumada a la recesi\u00f3n econ\u00f3mica que acumula m\u00e1s de dos a\u00f1os, la provincia va encaminada a equiparar la cantidad de empleados privados con los del \u00e1mbito estatal, que no se vio afectado por la crisis.<\/p>\n<p>Los \u00faltimos datos oficiales disponibles dan cuenta que en Salta los trabajadores registrados en el sector p\u00fablico (en el Estado provincial, en las municipalidades y estamentos nacionales) sumaban 93.269 a fines de 2018.<\/p>\n<p>Un estudio del Instituto de Estudios Econ\u00f3micos sobre la Realidad Argentina y Latinoamericana (Ieral) advierte que en 16 de las 24 jurisdicciones, el empleo p\u00fablico es mayor que el privado en el total provincial. Salta todav\u00eda no lleg\u00f3 a ese dram\u00e1tico punto, que marcar\u00eda un escenario de total colapso de la productividad local, que se motoriza casi de manera exclusiva con el empleo formal privado.<\/p>\n<p>8,7 por ciento fue la ca\u00edda del empleo formal privado de la provincia entre marzo y julio \u00faltimos.<\/p>\n<p>Seg\u00fan el Ieral, esas provincias coinciden en ser las que m\u00e1s dependencia tienen de los fondos nacionales (coparticipaci\u00f3n y transferencias discrecionales). El Estado salte\u00f1o se encuentra en ese lote de alta dependencia (alrededor del 75% del presupuesto local est\u00e1 sustentado con giros de Naci\u00f3n), pero a\u00fan no lleg\u00f3 al derrumbe total del trabajo privado, aunque es el camino que se est\u00e1 desandando. No son pocos los economistas que advierten que la falta de autonom\u00eda de los recursos propios quita incentivos para impulsar la actividad privada.<\/p>\n<p>Si bien rige la prohibici\u00f3n de despidos sin causa, est\u00e1 claro que hay una sangr\u00eda del empleo privado desde la aparici\u00f3n de la pandemia en el pa\u00eds. La mayor\u00eda de los puestos que se perdieron en la provincia corresponden al comercio y a los rubros que dependen del turismo. Aunque est\u00e9n suspendidos los despidos, nada pudo evitar el cierre de pymes en esas actividades y el consecuente naufragio laboral.<\/p>\n<p>En el pa\u00eds<\/p>\n<p>A nivel nacional, de acuerdo a la informaci\u00f3n que surge de los registros administrativos del Sistema Integrado Previsional Argentino (Sipa), en julio de 2020, el empleo asalariado registrado en empresas privadas se mantuvo pr\u00e1cticamente estable, mostrando una variaci\u00f3n mensual de -0,1% (6 mil trabajadores menos).<\/p>\n<h6>Fuente: El Tribuno<\/h6>\n","protected":false},"excerpt":{"rendered":"<p>Sigue la ca\u00edda del trabajo en Salta, que tiene uno de los peores indicadores del pa\u00eds. En el s\u00e9ptimo mes del a\u00f1o se registraron 106.000 puestos laborales en la parte privada.<\/p>\n","protected":false},"author":2,"featured_media":108274,"comment_status":"closed","ping_status":"closed","sticky":false,"template":"","format":"standard","meta":{"footnotes":""},"categories":[65],"tags":[9],"class_list":["post-108273","post","type-post","status-publish","format-standard","has-post-thumbnail","hentry","category-provincias","tag-salta"],"_links":{"self":[{"href":"http:\/\/argentinamunicipal.com.ar\/argentina\/wp-json\/wp\/v2\/posts\/108273","targetHints":{"allow":["GET"]}}],"collection":[{"href":"http:\/\/argentinamunicipal.com.ar\/argentina\/wp-json\/wp\/v2\/posts"}],"about":[{"href":"http:\/\/argentinamunicipal.com.ar\/argentina\/wp-json\/wp\/v2\/types\/post"}],"author":[{"embeddable":true,"href":"http:\/\/argentinamunicipal.com.ar\/argentina\/wp-json\/wp\/v2\/users\/2"}],"replies":[{"embeddable":true,"href":"http:\/\/argentinamunicipal.com.ar\/argentina\/wp-json\/wp\/v2\/comments?post=108273"}],"version-history":[{"count":0,"href":"http:\/\/argentinamunicipal.com.ar\/argentina\/wp-json\/wp\/v2\/posts\/108273\/revisions"}],"wp:featuredmedia":[{"embeddable":true,"href":"http:\/\/argentinamunicipal.com.ar\/argentina\/wp-json\/wp\/v2\/media\/108274"}],"wp:attachment":[{"href":"http:\/\/argentinamunicipal.com.ar\/argentina\/wp-json\/wp\/v2\/media?parent=108273"}],"wp:term":[{"taxonomy":"category","embeddable":true,"href":"http:\/\/argentinamunicipal.com.ar\/argentina\/wp-json\/wp\/v2\/categories?post=108273"},{"taxonomy":"post_tag","embeddable":true,"href":"http:\/\/argentinamunicipal.com.ar\/argentina\/wp-json\/wp\/v2\/tags?post=108273"}],"curies":[{"name":"wp","href":"https:\/\/api.w.org\/{rel}","templated":true}]}}