{"id":108280,"date":"2020-10-21T05:38:56","date_gmt":"2020-10-21T08:38:56","guid":{"rendered":"http:\/\/argentinamunicipal.com.ar\/argentina\/?p=108280"},"modified":"2020-10-20T18:41:10","modified_gmt":"2020-10-20T21:41:10","slug":"municipales-de-mar-del-plata-le-piden-al-intendente-la-reapertura-de-paritarias","status":"publish","type":"post","link":"http:\/\/argentinamunicipal.com.ar\/argentina\/municipales-de-mar-del-plata-le-piden-al-intendente-la-reapertura-de-paritarias\/","title":{"rendered":"Municipales de Mar del Plata le piden al intendente la reapertura de paritarias"},"content":{"rendered":"<p>Lo hicieron a trav\u00e9s de una nota dirigida al secretario de Gobierno. Previamente acordaron el efectivo ingreso de personal temporario y reabrir la Junta de Calificaciones el mes pr\u00f3ximo de acuerdo a los reg\u00edmenes establecidos en pandemia.<\/p>\n<p>La comisi\u00f3n directiva del Sindicato de Trabajadores municipales (STM) solicitaron al ejecutivo la reapertura de paritarias para los trabajadores de planta permanente de la administraci\u00f3n central y los Entes descentralizados al tiempo de hacer p\u00fablico, adem\u00e1s, un pedido de reuni\u00f3n para tratar otros temas.<\/p>\n<p>La nota, a la que tuvo acceso\u00a0El Marplatense, fue dirigida al secretario de Gobierno,\u00a0Santiago Bonifatti, donde solicitan una audiencia para tratar \u00abuna recomposici\u00f3n salarial del presente a\u00f1o que fuera postergada por la situaci\u00f3n sanitaria que nos afecta\u00bb, detalla el texto firmado por el titular del gremio\u00a0Antonio Gilardi y su secretario, Daniel Zacar\u00edas.<\/p>\n<p>Hasta aqu\u00ed, de lo que va del a\u00f1o, solo los empleados\u00a0recibieron como aumento un 5% que hab\u00eda sido firmado por la gesti\u00f3n anterior\u00a0y cuya clausula fue activada para el pago de los haberes del mes de septiembre, tal como consta en el acta firmada el pasado 4 del mes pasado.<\/p>\n<p>A partir de ello, las reuniones se fueron realizando y acordaron los puntos planteados en un acta firmada el pasado 25 de septiembre en donde el ejecutivo municipal y la c\u00fapula del STM acordaron el pase a planta permanente de los agentes que estaban contratados de manera temporaria antes del 30 de junio de 2018 quienes quedar\u00e1n en forma efectiva desde este mes de noviembre, de acuerdo lo estipulado en el primer tramo del acuerdo del punto 4 (acta abajo).<\/p>\n<p>En enero, marzo y en mayo, ingresar\u00e1n a planta efectiva de acuerdo al cronograma que consta en el acto que firmaron el secretario de Gobierno junto a las autoridades del STM.<\/p>\n<p>Otro punto celebrado por los agentes fue el efectivo acuerdo para los reencasillamientos aprobados y tratados por la Junta de Ascensos y Calificaciones regida por el decreto 423\/17 y la reanudaci\u00f3n de las reuniones a partir del pr\u00f3ximo mes utilizando la v\u00eda digital para realizar los tr\u00e1mites, atento a la situaci\u00f3n sanitaria vigente.<\/p>\n<h6>Fuente: El Marplatense<\/h6>\n","protected":false},"excerpt":{"rendered":"<p>Lo hicieron a trav\u00e9s de una nota dirigida al secretario de Gobierno. Previamente acordaron el efectivo ingreso de personal temporario y reabrir la Junta de Calificaciones el mes pr\u00f3ximo de acuerdo a los reg\u00edmenes establecidos en pandemia.<\/p>\n","protected":false},"author":2,"featured_media":108281,"comment_status":"closed","ping_status":"closed","sticky":false,"template":"","format":"standard","meta":{"footnotes":""},"categories":[7],"tags":[12],"class_list":["post-108280","post","type-post","status-publish","format-standard","has-post-thumbnail","hentry","category-informe-sindical","tag-buenos-aires"],"_links":{"self":[{"href":"http:\/\/argentinamunicipal.com.ar\/argentina\/wp-json\/wp\/v2\/posts\/108280","targetHints":{"allow":["GET"]}}],"collection":[{"href":"http:\/\/argentinamunicipal.com.ar\/argentina\/wp-json\/wp\/v2\/posts"}],"about":[{"href":"http:\/\/argentinamunicipal.com.ar\/argentina\/wp-json\/wp\/v2\/types\/post"}],"author":[{"embeddable":true,"href":"http:\/\/argentinamunicipal.com.ar\/argentina\/wp-json\/wp\/v2\/users\/2"}],"replies":[{"embeddable":true,"href":"http:\/\/argentinamunicipal.com.ar\/argentina\/wp-json\/wp\/v2\/comments?post=108280"}],"version-history":[{"count":0,"href":"http:\/\/argentinamunicipal.com.ar\/argentina\/wp-json\/wp\/v2\/posts\/108280\/revisions"}],"wp:featuredmedia":[{"embeddable":true,"href":"http:\/\/argentinamunicipal.com.ar\/argentina\/wp-json\/wp\/v2\/media\/108281"}],"wp:attachment":[{"href":"http:\/\/argentinamunicipal.com.ar\/argentina\/wp-json\/wp\/v2\/media?parent=108280"}],"wp:term":[{"taxonomy":"category","embeddable":true,"href":"http:\/\/argentinamunicipal.com.ar\/argentina\/wp-json\/wp\/v2\/categories?post=108280"},{"taxonomy":"post_tag","embeddable":true,"href":"http:\/\/argentinamunicipal.com.ar\/argentina\/wp-json\/wp\/v2\/tags?post=108280"}],"curies":[{"name":"wp","href":"https:\/\/api.w.org\/{rel}","templated":true}]}}