{"id":108286,"date":"2020-10-21T05:44:53","date_gmt":"2020-10-21T08:44:53","guid":{"rendered":"http:\/\/argentinamunicipal.com.ar\/argentina\/?p=108286"},"modified":"2020-10-20T18:47:12","modified_gmt":"2020-10-20T21:47:12","slug":"kicillof-presento-la-primera-escuela-sindical-de-genero-en-el-pais","status":"publish","type":"post","link":"http:\/\/argentinamunicipal.com.ar\/argentina\/kicillof-presento-la-primera-escuela-sindical-de-genero-en-el-pais\/","title":{"rendered":"Kicillof present\u00f3 la primera escuela sindical de g\u00e9nero en el pa\u00eds"},"content":{"rendered":"<p>La ESiGen tiene como objetivo \u00abformar, investigar y generar cultura en materia de g\u00e9nero para la acci\u00f3n sindical, posibilitando la construcci\u00f3n de ambientes laborales de equidad y protecci\u00f3n contra las violencias.<\/p>\n<p>El gobernador de la provincia de Buenos Aires, Axel Kicillof, present\u00f3 hoy la ESiGen, la primera escuela sindical de g\u00e9nero del pa\u00eds, destinada a dirigentes gremiales, activistas y mujeres con condiciones y aspiraciones de liderazgos y que funcionar\u00e1 en el territorio bonaerense.<\/p>\n<p>Durante un acto que encabez\u00f3 en el Sal\u00f3n Dorado de la Gobernaci\u00f3n provincial, el mandatario consider\u00f3 como \u00abel momento oportuno\u00bb para crear esta escuela y asegur\u00f3 que la pol\u00edtica de la provincia de Buenos Aires \u00abest\u00e1 asociada a lo masculino y viene de una tradici\u00f3n machista\u00bb.<\/p>\n<p>Kicillof precis\u00f3 que esa concepci\u00f3n \u00ablleg\u00f3 a denominar a algunos intendentes como los Barones\u00bb en relaci\u00f3n a jefes comunales del conurbano y sostuvo que \u00abhay que demoler eso\u00bb.<\/p>\n<p>Dijo tambi\u00e9n que con el gremialismo \u00abpasa algo similar\u00bb y asegur\u00f3 que \u00abes mentira que est\u00e9 compuesto prioritariamente por hombres, pero hay un techo para que las mujeres accedan a conducciones\u00bb.<\/p>\n<p>\u00abEs como un prejuicio que opera casi en forma natural. Por eso hacia falta esta escuela, para discutir la tradici\u00f3n machista y terminarla\u00bb, consign\u00f3.<\/p>\n<p>Durante el acto, el gobernador estuvo acompa\u00f1ado por el ministro de Ciencia y Tecnolog\u00eda, Roberto Salvarezza; la presidenta del Conicet, Ana Franchi; el diputado Hugo Yasky; el secretario general de la Asociaci\u00f3n Bancaria, Sergio Palazzo; y la ministra de Mujeres, Pol\u00edticas de G\u00e9nero y Diversidad Sexual bonaerense, Estela D\u00edaz, entre otros.<\/p>\n<p>D\u00edaz detall\u00f3 que la escuela \u00abrecoge una articulaci\u00f3n interinstitucional in\u00e9dita en la que la perspectiva de g\u00e9nero recorre la provincia y el pa\u00eds y se aborda de todos los sectores sociales, sindicales y en la institucionalidad\u00bb.<\/p>\n<p>\u00abSon \u00e9pocas de cambio y en el sindicalismo las mujeres hacen enormes recorridos en forma presencial aunque a veces est\u00e1n invisibilizadas y la idea es fortalecer sus liderazos\u00bb, puntualiz\u00f3.<\/p>\n<p><strong>C\u00f3mo funcionar\u00e1 la escuela<\/strong><\/p>\n<p>Seg\u00fan se inform\u00f3, la ESiGen tiene como objetivo \u00abformar, investigar y generar cultura en materia de g\u00e9nero para la acci\u00f3n sindical, posibilitando la construcci\u00f3n de ambientes laborales de equidad y protecci\u00f3n contra las violencias, y de promoci\u00f3n de derechos\u00bb, informaron desde el Conicet, que ofrecer\u00e1 la infraestructura edilicia y sus espacios de investigaci\u00f3n para su funcionamiento.<\/p>\n<p>La nueva escuela ofrecer\u00e1 la diplomatura en g\u00e9neros, feminismos y diversidad para la acci\u00f3n sindical, as\u00ed como otros trayectos formativos, seminarios y talleres sobre nuevos saberes y pr\u00e1cticas, con sus titulaciones y certificaciones.<\/p>\n<p>Adem\u00e1s, conformar\u00e1 un espacio art\u00edstico sobre la tem\u00e1tica y, a mediano plazo, ser\u00e1 sede de equipos de investigaci\u00f3n.<\/p>\n<p>Asimismo, tiene como prop\u00f3sito desarrollar el Centro de Varones para recoger, escuchar, analizar y tratar a varones en situaci\u00f3n de violencia en el \u00e1mbito laboral y sindical, y crear el Archivo de la Voz de las Mujeres Sindicalistas, como una apuesta por reconstruir las memorias de las experiencias de trabajadoras y referentes sindicales.<\/p>\n<p>La instituci\u00f3n cuenta con el impulso del Conicet, la Comisi\u00f3n de Investigaciones Cient\u00edficas de la Provincia de Buenos Aires (Cicpba), la Facultad de Humanidades y Ciencias de la Educaci\u00f3n de la UNLP, el Ministerio de las Mujeres, Pol\u00edticas de G\u00e9nero y Diversidad Sexual bonaerense y la Asociaci\u00f3n Bancaria.<\/p>\n<p>La ESIGen tiene sus antecedentes en experiencias desarrolladas en Alemania, Gran Breta\u00f1a, Italia, Brasil, Chile y Colombia, adem\u00e1s de otras iniciativas de formaci\u00f3n impulsadas por sindicatos argentinos.<\/p>\n<p>Asimismo, se focalizar\u00e1 en las pr\u00e1cticas militantes y toma de decisiones, en el afianzamiento de nuevas formas de conducci\u00f3n de grupos de trabajo y colectivos sociales, en la generaci\u00f3n de nuevas ideas o proyectos laborales y en la redacci\u00f3n de convenios colectivos de trabajo y marcos legales de protecci\u00f3n a las mujeres y personas LGBT+, principalmente de las travestis y trans, debido a que la discriminaci\u00f3n dificulta su ingreso y mantenimiento en el mercado laboral.<\/p>\n<h6>Fuente: Telam<\/h6>\n","protected":false},"excerpt":{"rendered":"<p>La ESiGen tiene como objetivo \u00abformar, investigar y generar cultura en materia de g\u00e9nero para la acci\u00f3n sindical, posibilitando la construcci\u00f3n de ambientes laborales de equidad y protecci\u00f3n contra las violencias.<\/p>\n","protected":false},"author":2,"featured_media":108287,"comment_status":"closed","ping_status":"closed","sticky":false,"template":"","format":"standard","meta":{"footnotes":""},"categories":[65],"tags":[12],"class_list":["post-108286","post","type-post","status-publish","format-standard","has-post-thumbnail","hentry","category-provincias","tag-buenos-aires"],"_links":{"self":[{"href":"http:\/\/argentinamunicipal.com.ar\/argentina\/wp-json\/wp\/v2\/posts\/108286","targetHints":{"allow":["GET"]}}],"collection":[{"href":"http:\/\/argentinamunicipal.com.ar\/argentina\/wp-json\/wp\/v2\/posts"}],"about":[{"href":"http:\/\/argentinamunicipal.com.ar\/argentina\/wp-json\/wp\/v2\/types\/post"}],"author":[{"embeddable":true,"href":"http:\/\/argentinamunicipal.com.ar\/argentina\/wp-json\/wp\/v2\/users\/2"}],"replies":[{"embeddable":true,"href":"http:\/\/argentinamunicipal.com.ar\/argentina\/wp-json\/wp\/v2\/comments?post=108286"}],"version-history":[{"count":0,"href":"http:\/\/argentinamunicipal.com.ar\/argentina\/wp-json\/wp\/v2\/posts\/108286\/revisions"}],"wp:featuredmedia":[{"embeddable":true,"href":"http:\/\/argentinamunicipal.com.ar\/argentina\/wp-json\/wp\/v2\/media\/108287"}],"wp:attachment":[{"href":"http:\/\/argentinamunicipal.com.ar\/argentina\/wp-json\/wp\/v2\/media?parent=108286"}],"wp:term":[{"taxonomy":"category","embeddable":true,"href":"http:\/\/argentinamunicipal.com.ar\/argentina\/wp-json\/wp\/v2\/categories?post=108286"},{"taxonomy":"post_tag","embeddable":true,"href":"http:\/\/argentinamunicipal.com.ar\/argentina\/wp-json\/wp\/v2\/tags?post=108286"}],"curies":[{"name":"wp","href":"https:\/\/api.w.org\/{rel}","templated":true}]}}