{"id":108292,"date":"2020-10-21T05:55:00","date_gmt":"2020-10-21T08:55:00","guid":{"rendered":"http:\/\/argentinamunicipal.com.ar\/argentina\/?p=108292"},"modified":"2020-10-20T18:59:51","modified_gmt":"2020-10-20T21:59:51","slug":"el-gobierno-creo-la-unidad-de-ciencia-y-tecnologia-contra-el-hambre","status":"publish","type":"post","link":"http:\/\/argentinamunicipal.com.ar\/argentina\/el-gobierno-creo-la-unidad-de-ciencia-y-tecnologia-contra-el-hambre\/","title":{"rendered":"El Gobierno cre\u00f3 la Unidad de Ciencia y Tecnolog\u00eda contra el Hambre"},"content":{"rendered":"<p>Con el objetivo de coordinar acciones para promover la incorporaci\u00f3n de conocimiento a las pol\u00edticas p\u00fablicas que luchen contra la malnutrici\u00f3n infantil, la emergencia alimentaria y la pobreza en todo el territorio nacional, el Ministerio de Ciencia, Tecnolog\u00eda e Innovaci\u00f3n (MINCYT) cre\u00f3 la \u00abUnidad de Ciencia y Tecnolog\u00eda contra el Hambre\u00bb.<\/p>\n<p>El objetivo primordial del \u00e1rea, explic\u00f3 el ministro\u00a0Roberto Salvarezza, es\u00a0\u00abfortalecer la integraci\u00f3n del conocimiento y de los desarrollos tecnol\u00f3gicos y sociales vinculados a\u00a0soluciones para el acceso a la alimentaci\u00f3n y al agua segura, as\u00ed como al abordaje de la vulnerabilidad socio-ambiental, a la planificaci\u00f3n nacional y local de las acciones comprendidas en el\u00a0Plan Nacional \u00abArgentina contra el Hambre\u00bb.<\/p>\n<p>La Unidad est\u00e1 conformada por la cartera de Ciencia, el CONICET, y la Agencia Nacional de Promoci\u00f3n de la Investigaci\u00f3n, el Desarrollo Tecnol\u00f3gico y la Innovaci\u00f3n (Agencia I+D+i) y cuenta con financiamiento del Banco de Desarrollo de Am\u00e9rica Latina (CAF) a trav\u00e9s de la Secretar\u00eda de Asuntos Estrat\u00e9gicos (SAE).<\/p>\n<p>Durante el encuentro, en donde qued\u00f3 conformada la propuesta, la presidenta del CONICET, Ana Franchi asegur\u00f3 que \u00abestos son los momentos hist\u00f3ricos donde la integraci\u00f3n de la ciencia y la tecnolog\u00eda tienen como prioridad responder a necesidades sociales urgentes. Cuando es necesario concentrar esfuerzos en un contexto heredado de pobreza, desnutrici\u00f3n y emergencia ambiental\u00bb.<\/p>\n<p>\u00abFrente a la crisis que enfrentamos, nuestra respuesta, como hicimos ante el coronavirus, es articular y armonizar nuestras capacidades cient\u00edficas y tecnol\u00f3gicas y aportar soluciones.\u00a0Esto demuestra el rol decisivo de los organismos p\u00fablicos, cuando la sociedad reclama su presencia y el Estado asume el compromiso de no desamparar a ning\u00fan argentino.\u00a0Aqu\u00ed estamos\u00bb, concluy\u00f3 Franchi.<\/p>\n<p>Por su parte, el titular de la Agencia I+D+i, Fernando Peirano, expres\u00f3 que\u00a0\u00abcuando los fondos del Estado se destinan a atender una necesidad a trav\u00e9s de la coordinaci\u00f3n y la aplicaci\u00f3n de ciencia y tecnolog\u00eda, el impacto se multiplica\u00bb.<\/p>\n<p>En ese sentido, agreg\u00f3 que el\u00a0 Gobierno \u00abbusca impulsar, frente a la crisis que enfrenta nuestra sociedad, una reconstrucci\u00f3n a partir de una regla: cuidar a los argentinos en un sentido amplio. Cuidar la salud, los ingresos, las empresas y las fuentes de trabajo\u00bb.<\/p>\n<p>Con el objetivo de coordinar acciones para promover la incorporaci\u00f3n de conocimiento a las pol\u00edticas p\u00fablicas que luchen contra la malnutrici\u00f3n infantil, la emergencia alimentaria y la pobreza en todo el territorio nacional, el Ministerio de Ciencia, Tecnolog\u00eda e Innovaci\u00f3n (MINCYT) cre\u00f3 la \u00abUnidad de Ciencia y Tecnolog\u00eda contra el Hambre\u00bb.<\/p>\n<p>El objetivo primordial del \u00e1rea, explic\u00f3 el ministro\u00a0Roberto Salvarezza, es\u00a0\u00abfortalecer la integraci\u00f3n del conocimiento y de los desarrollos tecnol\u00f3gicos y sociales vinculados a\u00a0soluciones para el acceso a la alimentaci\u00f3n y al agua segura, as\u00ed como al abordaje de la vulnerabilidad socio-ambiental, a la planificaci\u00f3n nacional y local de las acciones comprendidas en el\u00a0Plan Nacional \u00abArgentina contra el Hambre\u00bb.<\/p>\n<p>La Unidad est\u00e1 conformada por la cartera de Ciencia, el CONICET, y la Agencia Nacional de Promoci\u00f3n de la Investigaci\u00f3n, el Desarrollo Tecnol\u00f3gico y la Innovaci\u00f3n (Agencia I+D+i) y cuenta con financiamiento del Banco de Desarrollo de Am\u00e9rica Latina (CAF) a trav\u00e9s de la Secretar\u00eda de Asuntos Estrat\u00e9gicos (SAE).<\/p>\n<p>Durante el encuentro, en donde qued\u00f3 conformada la propuesta, la presidenta del CONICET, Ana Franchi asegur\u00f3 que \u00abestos son los momentos hist\u00f3ricos donde la integraci\u00f3n de la ciencia y la tecnolog\u00eda tienen como prioridad responder a necesidades sociales urgentes. Cuando es necesario concentrar esfuerzos en un contexto heredado de pobreza, desnutrici\u00f3n y emergencia ambiental\u00bb.<\/p>\n<p>\u00abFrente a la crisis que enfrentamos, nuestra respuesta, como hicimos ante el coronavirus, es articular y armonizar nuestras capacidades cient\u00edficas y tecnol\u00f3gicas y aportar soluciones.\u00a0Esto demuestra el rol decisivo de los organismos p\u00fablicos, cuando la sociedad reclama su presencia y el Estado asume el compromiso de no desamparar a ning\u00fan argentino.\u00a0Aqu\u00ed estamos\u00bb, concluy\u00f3 Franchi.<\/p>\n<p>Por su parte, el titular de la Agencia I+D+i, Fernando Peirano, expres\u00f3 que\u00a0\u00abcuando los fondos del Estado se destinan a atender una necesidad a trav\u00e9s de la coordinaci\u00f3n y la aplicaci\u00f3n de ciencia y tecnolog\u00eda, el impacto se multiplica\u00bb.<\/p>\n<p>En ese sentido, agreg\u00f3 que el\u00a0 Gobierno \u00abbusca impulsar, frente a la crisis que enfrenta nuestra sociedad, una reconstrucci\u00f3n a partir de una regla: cuidar a los argentinos en un sentido amplio. Cuidar la salud, los ingresos, las empresas y las fuentes de trabajo\u00bb.<\/p>\n<h6>Fuente: P\u00e1gina 12<\/h6>\n","protected":false},"excerpt":{"rendered":"<p>Con el objetivo de coordinar acciones para promover la incorporaci\u00f3n de conocimiento a las pol\u00edticas p\u00fablicas que luchen contra la malnutrici\u00f3n infantil, la emergencia alimentaria y la pobreza en todo el territorio nacional<\/p>\n","protected":false},"author":2,"featured_media":108293,"comment_status":"closed","ping_status":"closed","sticky":false,"template":"","format":"standard","meta":{"footnotes":""},"categories":[8],"tags":[21],"class_list":["post-108292","post","type-post","status-publish","format-standard","has-post-thumbnail","hentry","category-informe-nacional","tag-argentina"],"_links":{"self":[{"href":"http:\/\/argentinamunicipal.com.ar\/argentina\/wp-json\/wp\/v2\/posts\/108292","targetHints":{"allow":["GET"]}}],"collection":[{"href":"http:\/\/argentinamunicipal.com.ar\/argentina\/wp-json\/wp\/v2\/posts"}],"about":[{"href":"http:\/\/argentinamunicipal.com.ar\/argentina\/wp-json\/wp\/v2\/types\/post"}],"author":[{"embeddable":true,"href":"http:\/\/argentinamunicipal.com.ar\/argentina\/wp-json\/wp\/v2\/users\/2"}],"replies":[{"embeddable":true,"href":"http:\/\/argentinamunicipal.com.ar\/argentina\/wp-json\/wp\/v2\/comments?post=108292"}],"version-history":[{"count":0,"href":"http:\/\/argentinamunicipal.com.ar\/argentina\/wp-json\/wp\/v2\/posts\/108292\/revisions"}],"wp:featuredmedia":[{"embeddable":true,"href":"http:\/\/argentinamunicipal.com.ar\/argentina\/wp-json\/wp\/v2\/media\/108293"}],"wp:attachment":[{"href":"http:\/\/argentinamunicipal.com.ar\/argentina\/wp-json\/wp\/v2\/media?parent=108292"}],"wp:term":[{"taxonomy":"category","embeddable":true,"href":"http:\/\/argentinamunicipal.com.ar\/argentina\/wp-json\/wp\/v2\/categories?post=108292"},{"taxonomy":"post_tag","embeddable":true,"href":"http:\/\/argentinamunicipal.com.ar\/argentina\/wp-json\/wp\/v2\/tags?post=108292"}],"curies":[{"name":"wp","href":"https:\/\/api.w.org\/{rel}","templated":true}]}}