{"id":108299,"date":"2020-10-21T05:04:45","date_gmt":"2020-10-21T08:04:45","guid":{"rendered":"http:\/\/argentinamunicipal.com.ar\/argentina\/?p=108299"},"modified":"2020-10-20T19:08:55","modified_gmt":"2020-10-20T22:08:55","slug":"un-salvavidas-estatal-de-200-mil-millones","status":"publish","type":"post","link":"http:\/\/argentinamunicipal.com.ar\/argentina\/un-salvavidas-estatal-de-200-mil-millones\/","title":{"rendered":"Un salvavidas estatal de 200 mil millones"},"content":{"rendered":"<p>En seis meses, el programa que pag\u00f3 la mitad de los salarios privados, ya alcanz\u00f3 al 50 por ciento de las firmas argentinas impactadas por la COVID.<\/p>\n<p>Mientras se discute en la pol\u00edtica y el C\u00edrculo Rojo el tipo de perfil del Gobierno en relaci\u00f3n al sector privado, los n\u00fameros de asistencia oficial a empresas en el marco de la pandemia impactan y clarifican que, sin el desembolso oficial, la actual crisis econ\u00f3mica hubiese tenido alcances inabordables. Un trabajo al que accedi\u00f3 P\u00e1gina I12 repasa las cifras totales del ATP, medida con la cual el Ejecutivo pag\u00f3 la mitad de los salarios de compa\u00f1\u00edas en crisis; y especifica que, en seis meses,\u00a0ya se destinaron a ese fin m\u00e1s de 200 mil millones de pesos. En ese per\u00edodo, la mitad de las empresas del pa\u00eds requirieron el salvavidas del Estado para subsistir y pagar salarios o bien tomar cr\u00e9ditos a tasas bajas.<\/p>\n<p>El total invertido fue, concretamente, de 207 mil millones, 202 mil millones de los cuales se destinaron al pago del Salario Complementario y 5 mil millones para cr\u00e9ditos a tasa subsidiada. Este \u00faltimo n\u00famero es parcial porque no cuenta con los datos del mes de septiembre.<\/p>\n<p>Visto en perspectiva, la progresi\u00f3n del ATP en fases tambi\u00e9n deja ver los niveles de apertura que fue teniendo la econom\u00eda desde el inicio de la pandemia a hoy, donde el Gobierno observa que entre un 80 y un 90 por ciento de la actividad est\u00e1 funcionando.<\/p>\n<p>En\u00a0abril\u00a0de este a\u00f1o, accedieron al ATP 235.140 empresas donde se desempe\u00f1an 2.273.980 trabajadoras y trabajadores que percibieron el Salario Complementario. En esa primera tanda, el Estado invirti\u00f3 m\u00e1s de 48.000 millones de pesos.<\/p>\n<p>En\u00a0mayo, el ATP II tuvo un total de 239.355 empresas entrando al programa para hacer frente a una parte del salario de 2.034.437 trabajadoras y trabajadores. La asistencia estatal para el pago de salarios del sector privado rond\u00f3 los 42 mil millones de pesos.<\/p>\n<p>En su versi\u00f3n III, en\u00a0junio, el ATP alcanz\u00f3 a 211.149 empresas que cumplieron con los par\u00e1metros previstos en la normativa para acceder al Salario Complementario. As\u00ed, 1.816.275 trabajadoras y trabajadores percibieron en sus cuentas bancarias el beneficio del programa, con una inversi\u00f3n estatal que super\u00f3 los 33 mil millones.<\/p>\n<p>En\u00a0julio, el ATP IV alcanz\u00f3 a un total de 1.372.505 trabajadoras y trabajadores que se desempe\u00f1an en 131.190 empresas percibieron el Salario Complementario. Ese mes se habilitaron los Cr\u00e9ditos a Tasa Subsidiada que permitieron cancelar una parte del salario de 165.302 trabajadores que pertenecen a 12.402 firmas. El Estado destin\u00f3 una suma cercana a los 29.000 millones<\/p>\n<p>En el tramo V, de\u00a0agosto, el Salario Complementario benefici\u00f3 a 1.421.161 trabajadoras y trabajadores que se desempe\u00f1an en 133.320 empresas. Asimismo, 115.631 salarios se pagaron con asistencia de los Cr\u00e9ditos a Tasa Subsidiada. El Estado invirti\u00f3 un monto cercano a los 30 mil millones de pesos.<\/p>\n<p>En el tramo m\u00e1s reciente, el VI, correspondiente a\u00a0septiembre, hubo un total de 1.291.970 trabajadoras y trabajadores que desempe\u00f1an tareas en 124.160 empresas que accedieron al salario complementario. El Estado destinar\u00e1 una suma equivalente a 26 mil millones para financiar el pago del salario complementario que se complementar\u00e1 con los fondos que sean asignados a los Cr\u00e9ditos a Tasa Subsidiada.<\/p>\n<p><strong>Atenuar la perdida de empleo<\/strong><br \/>\nEn el Gobierno leen que el ATP\u00a0fue adem\u00e1s importante para atenuar los malos n\u00fameros que el empleo formal tuvo en pandemia, lo que se observa si se miran las ca\u00eddas contra el trabajo no registrado. Seg\u00fan el trabajo al que accedi\u00f3 este diario, la reducci\u00f3n de la poblaci\u00f3n ocupada entre el segundo trimestre 2020 y el segundo trimestre 2019 se explic\u00f3 principalmente por la ca\u00edda del empleo no registrado (-43,4 por ciento interanual) y el trabajo independiente (-29,4). El empleo registrado present\u00f3 un comportamiento contractivo pero de una magnitud muy inferior: -4,6 por ciento en los 31 aglomerados urbanos relevados en la EPH y 3,3 por ciento si se considera la proyecci\u00f3n para el total de las zonas urbanas del pa\u00eds.<\/p>\n<p>\u201cSe trata de una ca\u00edda moderada considerando el estado de emergencia sanitaria, econ\u00f3mica y social. Esto se advierte con claridad al analizar la evoluci\u00f3n interanual de esta modalidad ocupacional en los pa\u00edses de la regi\u00f3n\u201d, se destaca en el informe y se citan casos: en Chile, el empleo asalariado formal sufri\u00f3 una ca\u00edda del 10,8 por ciento y en Brasil, la contracci\u00f3n alcanz\u00f3 al 6,2. \u201cEl fen\u00f3meno laboral m\u00e1s negativo verificado en el segundo trimestre de 2020, consistente en la profunda contracci\u00f3n de las tasas de actividad y de empleo, presenta una intensidad menor en las regiones donde las medidas de aislamiento social fueron m\u00e1s flexibles\u201d. completaron.<\/p>\n<p>As\u00ed, mientras que\u00a0en el AMBA\u00a0las tasas de actividad y empleo cayeron 12 y 11 puntos porcentuales (en la comparaci\u00f3n interanual); en la regi\u00f3n Noreste, la tasa de actividad cay\u00f3 2,3 puntos porcentuales y la tasa de empleo 3,4 puntos porcentuales.<\/p>\n<p>Puertas adentro del Gobierno entienden que\u00a0el ATP es una parte de las pol\u00edticas \u201claborales contrac\u00edclicas puestas en marcha en el transcurso de la pandemia, que fueron relevantes para preservar los puestos de trabajo\u201d. Se\u00f1alan en ese pelot\u00f3n a la prohibici\u00f3n de los despidos (despidos sin justa causa y por las causas de falta o disminuci\u00f3n de trabajo y fuerza mayor) y la aplicaci\u00f3n de suspensiones colectivas reguladas (impulsado por un acuerdo firmado entre la UIA y la CGT).<\/p>\n<p>El \u00faltimo dato fuerte es que, considerando la sumatoria de las personas que se quedaron sin empleo en el segundo trimestre del 2020 (3,3 millones) m\u00e1s desocupados e informales (6 millones), se llega a m\u00e1s de 9 millones de personas, beneficiarios estimados del\u00a0IFE, por lo que se puede inferir que una proporci\u00f3n relevante de la poblaci\u00f3n que perdi\u00f3 el empleo durante la pandemia o enfrenta severos problemas laborales, se encuentra cubierto por el IFE.<\/p>\n<h6>Fuente: P\u00e1gina 12<\/h6>\n","protected":false},"excerpt":{"rendered":"<p>En seis meses, el programa que pag\u00f3 la mitad de los salarios privados, ya alcanz\u00f3 al 50 por ciento de las firmas argentinas impactadas por la COVID.\u00a0<\/p>\n","protected":false},"author":2,"featured_media":108300,"comment_status":"closed","ping_status":"closed","sticky":false,"template":"","format":"standard","meta":{"footnotes":""},"categories":[8],"tags":[21],"class_list":["post-108299","post","type-post","status-publish","format-standard","has-post-thumbnail","hentry","category-informe-nacional","tag-argentina"],"_links":{"self":[{"href":"http:\/\/argentinamunicipal.com.ar\/argentina\/wp-json\/wp\/v2\/posts\/108299","targetHints":{"allow":["GET"]}}],"collection":[{"href":"http:\/\/argentinamunicipal.com.ar\/argentina\/wp-json\/wp\/v2\/posts"}],"about":[{"href":"http:\/\/argentinamunicipal.com.ar\/argentina\/wp-json\/wp\/v2\/types\/post"}],"author":[{"embeddable":true,"href":"http:\/\/argentinamunicipal.com.ar\/argentina\/wp-json\/wp\/v2\/users\/2"}],"replies":[{"embeddable":true,"href":"http:\/\/argentinamunicipal.com.ar\/argentina\/wp-json\/wp\/v2\/comments?post=108299"}],"version-history":[{"count":0,"href":"http:\/\/argentinamunicipal.com.ar\/argentina\/wp-json\/wp\/v2\/posts\/108299\/revisions"}],"wp:featuredmedia":[{"embeddable":true,"href":"http:\/\/argentinamunicipal.com.ar\/argentina\/wp-json\/wp\/v2\/media\/108300"}],"wp:attachment":[{"href":"http:\/\/argentinamunicipal.com.ar\/argentina\/wp-json\/wp\/v2\/media?parent=108299"}],"wp:term":[{"taxonomy":"category","embeddable":true,"href":"http:\/\/argentinamunicipal.com.ar\/argentina\/wp-json\/wp\/v2\/categories?post=108299"},{"taxonomy":"post_tag","embeddable":true,"href":"http:\/\/argentinamunicipal.com.ar\/argentina\/wp-json\/wp\/v2\/tags?post=108299"}],"curies":[{"name":"wp","href":"https:\/\/api.w.org\/{rel}","templated":true}]}}