{"id":108305,"date":"2020-10-21T05:18:32","date_gmt":"2020-10-21T08:18:32","guid":{"rendered":"http:\/\/argentinamunicipal.com.ar\/argentina\/?p=108305"},"modified":"2020-10-20T19:21:02","modified_gmt":"2020-10-20T22:21:02","slug":"hacia-una-argentina-solidaria","status":"publish","type":"post","link":"http:\/\/argentinamunicipal.com.ar\/argentina\/hacia-una-argentina-solidaria\/","title":{"rendered":"Hacia una Argentina solidaria"},"content":{"rendered":"<p>El presidente de la Sociedad Rural Argentina, Daniel Pelegrina, se refiri\u00f3 esta semana a un informe realizado por el Instituto de Estudios Econ\u00f3micos y Negociaciones Internacionales sobre el impacto en el campo del aporte solidario y extraordinario de las grandes fortunas. De acuerdo con ese estudio, el aporte producir\u00eda una p\u00e9rdida de liquidez de los productores rurales que podr\u00eda obligar a muchos de ellos a vender parte de sus inmuebles para poder pagarlo. Dice el informe con referencia al aporte extraordinario: \u201cafecta la liquidez de las empresas e individuos porque en una gran mayor\u00eda de las veces, tener activos no implica contar con la liquidez para afrontarlos, lo que achicar\u00e1 el capital de giro, e impulsar\u00e1 a tener que realizar una parte de los activos, sobre todos aquellos que presenten mayor liquidez, o llegado el caso la necesidad de utilizar financiamiento para afrontar el pago del tributo\u201d.<\/p>\n<p>Por supuesto: la realidad es otra. Sobre el universo potencial de contribuyentes alcanzados por el aporte que declararon inmuebles rurales, los campos representan el 2,4% de su patrimonio y lo que se observa es que esos contribuyentes tienen disponibilidades l\u00edquidas y financieras 25 veces superiores al aporte que deber\u00edan pagar, en promedio. Llev\u00e1ndolo a una cuenta muy simple: si tienen que pagar 4 millones de pesos, por ejemplo, tendr\u00edan 100 millones de disponibilidades l\u00edquidas y financieras. Parece poco probable que est\u00e9n obligados a \u201cvender los inmuebles\u201d para hacer frente al aporte solidario y extraordinario.<\/p>\n<p>Por otro lado, una parte de ese sector agropecuario cuenta con productos para liquidar y, por ahora, no lo est\u00e1 haciendo en la proporci\u00f3n esperable. Ante esto, el Presidente ha dicho que si algunos especulan con la posibilidad de una devaluaci\u00f3n, ella no va a producirse. Por supuesto, la devaluaci\u00f3n no mejorar\u00eda la situaci\u00f3n: la empeorar\u00eda. En esa l\u00ednea, la primera pregunta es: \u00bfPor qu\u00e9 despu\u00e9s de que se devaluara, en el caso de que se tomara esa hipot\u00e9tica decisi\u00f3n que no est\u00e1 en los planes del gobierno, ir\u00edan a liquidar masivamente? Y, adem\u00e1s, \u00bfqu\u00e9 le pasar\u00eda al resto de los sectores econ\u00f3micos y de la ciudadan\u00eda con esa medida? \u00bfQu\u00e9 suceder\u00eda, por ejemplo, con los precios? Volver\u00edamos a una aceleraci\u00f3n inflacionaria, se desencadenar\u00eda una fuerte puja distributiva y, a los pocos meses, volver\u00edan a decir que el tipo de cambio est\u00e1 nuevamente atrasado porque otra vez les subieron los costos y reclamar\u00edan una nueva devaluaci\u00f3n. No es por ah\u00ed el camino, definitivamente.<\/p>\n<p>Como lo ha reafirmado el Presidente, el gobierno no tiene en sus planes una devaluaci\u00f3n: la Argentina posee super\u00e1vit comercial y no tiene obligaciones de deuda en el corto y mediano plazo. Las medidas que se tomaron son, justamente, para tener esa capacidad de maniobra. El gobierno apuesta a que las divisas est\u00e9n disponibles para lo que se las necesite. Por ejemplo, para las importaciones, indispensables para sostener un proceso de recuperaci\u00f3n y crecimiento econ\u00f3mico.<\/p>\n<p>A\u00fan los economistas ortodoxos aceptan que el tipo de cambio actual es competitivo. Pero, entonces, si el tipo de cambio oficial es competitivo, \u00bfpor qu\u00e9 el gobierno tendr\u00eda que devaluar? \u00bfCu\u00e1l es la raz\u00f3n? \u00bfPor qu\u00e9 ciertos productos, que est\u00e1n en un precio hist\u00f3rico alt\u00edsimo, con un buen tipo de cambio y con una rebaja temporal de las retenciones, no son comercializados y, por lo tanto, los d\u00f3lares obtenidos a cambio liquidados? Incluso cuando adem\u00e1s se han generado instrumentos para que, quienes liquiden esos d\u00f3lares, puedan protegerse con dep\u00f3sitos ajustables por la variaci\u00f3n del tipo de cambio. Es decir: si despu\u00e9s de la venta de sus stocks acumulados se produjera una devaluaci\u00f3n, la diferencia entre el tipo de cambio al que vendieron y el tipo de cambio resultante de la devaluaci\u00f3n estar\u00eda cubierta a trav\u00e9s de estas inversiones en dep\u00f3sitos ajustables seg\u00fan la variaci\u00f3n del valor del d\u00f3lar.<\/p>\n<p>El escenario local y global es complejo. La situaci\u00f3n cr\u00edtica es la resultante de las dos pandemias: la generada por las pol\u00edticas de Mauricio Macri y la producida por el coronavirus. Kristalina Georgieva, directora gerente del FMI, ha formulado un diagn\u00f3stico similar que contiene una cierta dosis de autocr\u00edtica: \u201cArgentina enfrenta desaf\u00edos muy dram\u00e1ticos, y el pa\u00eds debe ofrecer una agenda econ\u00f3mica integral y cre\u00edble que aporte una hoja de ruta sobre el rumbo para sacar al pa\u00eds de la crisis econ\u00f3mica iniciada en 2018, agravada por la pandemia del coronavirus y una creciente desconfianza\u201d. Es decir: la crisis comienza en 2018, durante el gobierno anterior, y coincide con el momento en el cual el gobierno se endeuda con el FMI y profundiza sus pol\u00edticas de ajuste. Luego, viene la segunda crisis producida por la irrupci\u00f3n del virus. Son dos crisis superpuestas. Una agravando a la otra.<\/p>\n<p>En la misma perspectiva, el Presidente en su disertaci\u00f3n en el Coloquio de IDEA afirm\u00f3: \u201cLa Argentina es un pa\u00eds que cuando lleg\u00f3 el virus estaba muy enfermo. Cuando nosotros llegamos al Gobierno, la Argentina estaba con 36 puntos de pobreza, con muy pocas reservas. Llegamos a una Argentina recesiva. Nosotros llegamos con toda nuestra fuerza a terminar con la pobreza, a poner en marcha la maquinaria de la producci\u00f3n y el trabajo, y a los tres meses de haber llegado apareci\u00f3 el primer caso de coronavirus y tuvimos que reconstruir un sistema de salud que hab\u00eda quedado virtualmente desmantelado\u201d.<\/p>\n<p>Desde mi punto de vista, las declaraciones de Georgieva hay que leerlas junto a las que el mismo d\u00eda formul\u00f3 el jefe del Departamento de Finanzas P\u00fablicas del FMI, Vitor Gaspar: \u201clos gobiernos deben tomar medidas para mejorar el cumplimiento tributario y evaluar la aplicaci\u00f3n de impuestos m\u00e1s altos para los grupos m\u00e1s acaudalados y las empresas m\u00e1s rentables\u201d. Agrega: \u201ces importante que aquellos que mejor est\u00e9n contribuyan a compensar a los m\u00e1s vulnerables y eso es algo que se aplica tanto a t\u00edtulo individual en nuestras sociedades como para la comunidad internacional en apoyo de los pa\u00edses m\u00e1s pobres\u201d.<\/p>\n<p>Alberto Fern\u00e1ndez contin\u00faa llevando a la pr\u00e1ctica lo que ha dicho en la campa\u00f1a electoral y durante todo su gobierno: su prioridad son los m\u00e1s vulnerables. El objetivo de su gesti\u00f3n es construir una Argentina solidaria, una Argentina unida, una Argentina de pie. Una Argentina en la que quienes m\u00e1s tienen ayuden a quienes m\u00e1s necesitan.<\/p>\n<p>Por\u00a0Carlos Heller<\/p>\n<p>* Diputado nacional por el Frente de Todos y Presidente del Partido Solidario<\/p>\n<h6>Fuente: P\u00e1gina 12<\/h6>\n","protected":false},"excerpt":{"rendered":"<p>El presidente de la Sociedad Rural Argentina, Daniel Pelegrina, se refiri\u00f3 esta semana a un informe realizado por el Instituto de Estudios Econ\u00f3micos y Negociaciones Internacionales sobre el impacto en el campo del aporte solidario y extraordinario de las grandes fortunas.<\/p>\n","protected":false},"author":2,"featured_media":108306,"comment_status":"closed","ping_status":"closed","sticky":false,"template":"","format":"standard","meta":{"footnotes":""},"categories":[6],"tags":[21],"class_list":["post-108305","post","type-post","status-publish","format-standard","has-post-thumbnail","hentry","category-opiniones","tag-argentina"],"_links":{"self":[{"href":"http:\/\/argentinamunicipal.com.ar\/argentina\/wp-json\/wp\/v2\/posts\/108305","targetHints":{"allow":["GET"]}}],"collection":[{"href":"http:\/\/argentinamunicipal.com.ar\/argentina\/wp-json\/wp\/v2\/posts"}],"about":[{"href":"http:\/\/argentinamunicipal.com.ar\/argentina\/wp-json\/wp\/v2\/types\/post"}],"author":[{"embeddable":true,"href":"http:\/\/argentinamunicipal.com.ar\/argentina\/wp-json\/wp\/v2\/users\/2"}],"replies":[{"embeddable":true,"href":"http:\/\/argentinamunicipal.com.ar\/argentina\/wp-json\/wp\/v2\/comments?post=108305"}],"version-history":[{"count":0,"href":"http:\/\/argentinamunicipal.com.ar\/argentina\/wp-json\/wp\/v2\/posts\/108305\/revisions"}],"wp:featuredmedia":[{"embeddable":true,"href":"http:\/\/argentinamunicipal.com.ar\/argentina\/wp-json\/wp\/v2\/media\/108306"}],"wp:attachment":[{"href":"http:\/\/argentinamunicipal.com.ar\/argentina\/wp-json\/wp\/v2\/media?parent=108305"}],"wp:term":[{"taxonomy":"category","embeddable":true,"href":"http:\/\/argentinamunicipal.com.ar\/argentina\/wp-json\/wp\/v2\/categories?post=108305"},{"taxonomy":"post_tag","embeddable":true,"href":"http:\/\/argentinamunicipal.com.ar\/argentina\/wp-json\/wp\/v2\/tags?post=108305"}],"curies":[{"name":"wp","href":"https:\/\/api.w.org\/{rel}","templated":true}]}}