{"id":108315,"date":"2020-10-21T06:27:31","date_gmt":"2020-10-21T09:27:31","guid":{"rendered":"http:\/\/argentinamunicipal.com.ar\/argentina\/?p=108315"},"modified":"2020-10-21T06:27:31","modified_gmt":"2020-10-21T09:27:31","slug":"fernandez-y-perotti-anuncian-la-construccion-de-un-acueducto-que-beneficiara-a-65-localidades","status":"publish","type":"post","link":"http:\/\/argentinamunicipal.com.ar\/argentina\/fernandez-y-perotti-anuncian-la-construccion-de-un-acueducto-que-beneficiara-a-65-localidades\/","title":{"rendered":"Fern\u00e1ndez y Perotti anuncian la construcci\u00f3n de un acueducto que beneficiar\u00e1 a 65 localidades"},"content":{"rendered":"<p>Se construir\u00e1 entre la provincia de Santa Fe y C\u00f3rdoba. Medio mill\u00f3n de personas podr\u00e1n acceder a agua potable de calidad. La inversi\u00f3n es de 250 millones de d\u00f3lares<\/p>\n<p>El presidente Alberto Fern\u00e1ndez y los gobernadores de Santa Fe, Omar Perotti, y de C\u00f3rdoba, Juan Schiaretti, anunciar\u00e1n este mi\u00e9rcoles la construcci\u00f3n de la primera etapa del acueducto biprovincial, que abarcar\u00e1 desde Coronda a San Francisco.<\/p>\n<p>Esta etapa incluir\u00e1 la obra de toma de agua en el r\u00edo Paran\u00e1 en Coronda (Santa Fe), el acueducto de agua cruda, la planta de potabilizaci\u00f3n y el acueducto de agua tratada hasta la ciudad de San Francisco (C\u00f3rdoba).<br \/>\nLa inversi\u00f3n de los trabajos demandar\u00e1 250 millones de d\u00f3lares.\u00a0Con esta obra se resolver\u00e1 a mediano y largo plazo los limitantes de abastecimiento de agua potable para la zona centro-oeste de la provincia de Santa Fe y las regiones este y centro de la provincia de C\u00f3rdoba (incluyendo el Gran C\u00f3rdoba a futuro). Beneficiar\u00e1 a las poblaciones de 65 localidades de ambas provincias, que comprenden a medio mill\u00f3n de personas al momento de finalizaci\u00f3n de las dos etapas del proyecto.<\/p>\n<p>La obra cuenta con la financiaci\u00f3n del Fondo Soberano de Kuwait.\u00a0Este fondo es la primera instituci\u00f3n de financiamiento para el desarrollo en la regi\u00f3n y es tambi\u00e9n la organizaci\u00f3n que lidera el Grupo de Coordinaci\u00f3n de Fondos \u00c1rabes, que se dedican a financiar proyectos que ayuden a mejorar directamente la vida de las personas. Se centran en infraestructura y proyectos de impacto social.<\/p>\n<p>Estos fondos \u00e1rabes llevan otorgados aproximadamente 22 mil millones de d\u00f3lares en financiamiento en todo el mundo y poseen un presupuesto estimado en 500 mil millones de d\u00f3lares.<\/p>\n<p>El Fondo de Kuwait est\u00e1 trabajando en Argentina con las provincias de Santa Fe, San Juan, Buenos Aires y C\u00f3rdoba.<\/p>\n<p>Desde la d\u00e9cada del 90, durante la gesti\u00f3n provincial de Carlos Reutemann, el Fondo Kuwait\u00ed otorg\u00f3 diversos cr\u00e9ditos a la provincia de Santa Fe para financiar obras p\u00fablicas.\u00a0Incluso en septiembre pasado, Perotti, entonces gobernador electo, viaj\u00f3 a Kuwait para gestionar nuevas l\u00edneas de pr\u00e9stamos para destinar a obras de saneamiento, energ\u00eda, agua y cloacas. Esa gesti\u00f3n dio sus frutos con este anuncio de un financiamiento de 250 millones de d\u00f3lares para esta estrat\u00e9gica obra de infraestructura.<\/p>\n<h6>Fuente: La Capital<\/h6>\n","protected":false},"excerpt":{"rendered":"<p>Se construir\u00e1 entre la provincia de Santa Fe y C\u00f3rdoba. Medio mill\u00f3n de personas podr\u00e1n acceder a agua potable de calidad. La inversi\u00f3n es de 250 millones de d\u00f3lares<\/p>\n","protected":false},"author":2,"featured_media":108316,"comment_status":"closed","ping_status":"closed","sticky":false,"template":"","format":"standard","meta":{"footnotes":""},"categories":[2],"tags":[10],"class_list":["post-108315","post","type-post","status-publish","format-standard","has-post-thumbnail","hentry","category-informe-municipal","tag-santa-fe"],"_links":{"self":[{"href":"http:\/\/argentinamunicipal.com.ar\/argentina\/wp-json\/wp\/v2\/posts\/108315","targetHints":{"allow":["GET"]}}],"collection":[{"href":"http:\/\/argentinamunicipal.com.ar\/argentina\/wp-json\/wp\/v2\/posts"}],"about":[{"href":"http:\/\/argentinamunicipal.com.ar\/argentina\/wp-json\/wp\/v2\/types\/post"}],"author":[{"embeddable":true,"href":"http:\/\/argentinamunicipal.com.ar\/argentina\/wp-json\/wp\/v2\/users\/2"}],"replies":[{"embeddable":true,"href":"http:\/\/argentinamunicipal.com.ar\/argentina\/wp-json\/wp\/v2\/comments?post=108315"}],"version-history":[{"count":0,"href":"http:\/\/argentinamunicipal.com.ar\/argentina\/wp-json\/wp\/v2\/posts\/108315\/revisions"}],"wp:featuredmedia":[{"embeddable":true,"href":"http:\/\/argentinamunicipal.com.ar\/argentina\/wp-json\/wp\/v2\/media\/108316"}],"wp:attachment":[{"href":"http:\/\/argentinamunicipal.com.ar\/argentina\/wp-json\/wp\/v2\/media?parent=108315"}],"wp:term":[{"taxonomy":"category","embeddable":true,"href":"http:\/\/argentinamunicipal.com.ar\/argentina\/wp-json\/wp\/v2\/categories?post=108315"},{"taxonomy":"post_tag","embeddable":true,"href":"http:\/\/argentinamunicipal.com.ar\/argentina\/wp-json\/wp\/v2\/tags?post=108315"}],"curies":[{"name":"wp","href":"https:\/\/api.w.org\/{rel}","templated":true}]}}