{"id":108318,"date":"2020-10-21T06:32:29","date_gmt":"2020-10-21T09:32:29","guid":{"rendered":"http:\/\/argentinamunicipal.com.ar\/argentina\/?p=108318"},"modified":"2020-10-21T06:32:29","modified_gmt":"2020-10-21T09:32:29","slug":"bariloche-gennuso-cada-vez-mas-convencido-de-rescindir-con-mi-bus","status":"publish","type":"post","link":"http:\/\/argentinamunicipal.com.ar\/argentina\/bariloche-gennuso-cada-vez-mas-convencido-de-rescindir-con-mi-bus\/","title":{"rendered":"Bariloche: Gennuso, cada vez mas convencido de rescindir con Mi Bus"},"content":{"rendered":"<p>Gennuso expres\u00f3 que piensa rescindir el contrato si fuera necesario para resolver el conflicto y defender a los usuarios. Por otro lado, los trabajadores esperan que esta semana lleguen los subsidios para que la empresa complete el pago de sueldos.<\/p>\n<p>El intendente Gustavo Gennuso se\u00f1al\u00f3 que si contin\u00faa el conflicto podr\u00eda rescindir el contrato con la empresa para defender a las personas que utilizan el servicio. \u201cSi esta cuesti\u00f3n contin\u00faa tan inflexible, nos encaminamos a una rescisi\u00f3n del contrato porque sin transporte no podemos estar\u201d, expres\u00f3 a la prensa sobre el conflicto que mantienen los trabajadores y las trabajadoras de Mi Bus y la empresa de transporte por incumplimientos de pago de salarios, que llev\u00f3 a los choferes a mantener un paro desde el 9 de octubre. Y dijo que la decisi\u00f3n podr\u00eda significar que la ciudad quede sin servicio de transporte de pasajeros por un tiempo, hasta tanto se lleve a cabo la licitaci\u00f3n.<\/p>\n<p>Consultado sobre la situaci\u00f3n, Pablo Figueroa de la UTA se\u00f1al\u00f3: \u201cNosotros tuvimos reuni\u00f3n con \u00e9l hace un par de d\u00edas y le manifestamos que lo primordial es que \u00e9l tiene que garantizar las fuentes laborales de los trabajadores y los derechos adquiridos\u201d. Adem\u00e1s, seg\u00fan expres\u00f3, le hicieron saber que consideran que la llegada de otra empresa no va a solucionar el problema, y que \u201ccualquier empresa que se haga cargo va a tener el mismo inconveniente que esta\u201d.<\/p>\n<p>Por otra parte, luego de una reuni\u00f3n en el Ministerio de Trabajo llevada a cabo hoy, \u201cno avanzamos en nada\u201d, se\u00f1al\u00f3. \u201cSeguimos a la espera de que la empresa reciba el subsidio para que ver si termina de pagar lo adeudado\u201d.<\/p>\n<p>\u201cLo cierto es que el viernes s\u00ed se realiz\u00f3 un pago pero fue \u00fanicamente el 50 por ciento del sueldo y un acuerdo que hab\u00eda vencido el 3 de este mes. Encima, no fue a la totalidad de los trabajadores. Quedaron 25 trabajadores sin cobrar un peso. Por eso, nosotros seguimos con las medidas de fuerza\u201d, explic\u00f3. \u201cPor lo menos tenemos que cobrar el otro 50 por ciento del sueldo y las tres cuotas del decreto 1420, y lo de los 25 trabajadores que no han cobrado nada\u201d.<\/p>\n<p>\u201cLo \u00fanico que sabemos es que el d\u00eda de ayer salieron los subsidios publicados en Buenos Aires; calculamos que entre ma\u00f1ana y pasado tendr\u00edan que estar ac\u00e1\u201d, expres\u00f3 con respecto a la posible fecha de pago que destrabar\u00eda el conflicto. \u201cOjal\u00e1 que la empresa lo use para pagar sueldos\u201d.<\/p>\n<h6>Fuente: El Cordillerano<\/h6>\n","protected":false},"excerpt":{"rendered":"<p>Gennuso expres\u00f3 que piensa rescindir el contrato si fuera necesario para resolver el conflicto y defender a los usuarios. Por otro lado, los trabajadores esperan que esta semana lleguen los subsidios para que la empresa complete el pago de sueldos.<\/p>\n","protected":false},"author":2,"featured_media":108319,"comment_status":"closed","ping_status":"closed","sticky":false,"template":"","format":"standard","meta":{"footnotes":""},"categories":[4],"tags":[11],"class_list":["post-108318","post","type-post","status-publish","format-standard","has-post-thumbnail","hentry","category-informe-politico","tag-rio-negro"],"_links":{"self":[{"href":"http:\/\/argentinamunicipal.com.ar\/argentina\/wp-json\/wp\/v2\/posts\/108318","targetHints":{"allow":["GET"]}}],"collection":[{"href":"http:\/\/argentinamunicipal.com.ar\/argentina\/wp-json\/wp\/v2\/posts"}],"about":[{"href":"http:\/\/argentinamunicipal.com.ar\/argentina\/wp-json\/wp\/v2\/types\/post"}],"author":[{"embeddable":true,"href":"http:\/\/argentinamunicipal.com.ar\/argentina\/wp-json\/wp\/v2\/users\/2"}],"replies":[{"embeddable":true,"href":"http:\/\/argentinamunicipal.com.ar\/argentina\/wp-json\/wp\/v2\/comments?post=108318"}],"version-history":[{"count":0,"href":"http:\/\/argentinamunicipal.com.ar\/argentina\/wp-json\/wp\/v2\/posts\/108318\/revisions"}],"wp:featuredmedia":[{"embeddable":true,"href":"http:\/\/argentinamunicipal.com.ar\/argentina\/wp-json\/wp\/v2\/media\/108319"}],"wp:attachment":[{"href":"http:\/\/argentinamunicipal.com.ar\/argentina\/wp-json\/wp\/v2\/media?parent=108318"}],"wp:term":[{"taxonomy":"category","embeddable":true,"href":"http:\/\/argentinamunicipal.com.ar\/argentina\/wp-json\/wp\/v2\/categories?post=108318"},{"taxonomy":"post_tag","embeddable":true,"href":"http:\/\/argentinamunicipal.com.ar\/argentina\/wp-json\/wp\/v2\/tags?post=108318"}],"curies":[{"name":"wp","href":"https:\/\/api.w.org\/{rel}","templated":true}]}}