{"id":108324,"date":"2020-10-21T05:13:01","date_gmt":"2020-10-21T08:13:01","guid":{"rendered":"http:\/\/argentinamunicipal.com.ar\/argentina\/?p=108324"},"modified":"2020-10-21T06:43:15","modified_gmt":"2020-10-21T09:43:15","slug":"tres-meses-de-toma-en-guernica-la-lluvia-estira-los-plazos","status":"publish","type":"post","link":"http:\/\/argentinamunicipal.com.ar\/argentina\/tres-meses-de-toma-en-guernica-la-lluvia-estira-los-plazos\/","title":{"rendered":"Tres meses de toma en Guernica: La lluvia estira los plazos"},"content":{"rendered":"<p>La toma en Guernica hoy cumple tres meses. La Provincia busca agotar los recursos para no llegar a un desalojo por la fuerza.<\/p>\n<p>Con el plazo judicial para el desalojo en vigencia, la situaci\u00f3n en Guernica se dilata por las inclemencias clim\u00e1ticas. Incertidumbre sobre el desenlace.<\/p>\n<p>Hoy se cumplen tres meses de la\u00a0toma\u00a0de tierras\u00a0en\u00a0Guernica, y la situaci\u00f3n est\u00e1 literalmente empantanada tras las fuertes lluvias que azotaron la regi\u00f3n en la jornada de ayer hasta la ma\u00f1ana de hoy, y obligaron a posponer el\u00a0censo\u00a0que se desarrollaba.<\/p>\n<p>Mientras tanto, corre el plazo de desalojo, y ya se evaporaron cinco de los quince d\u00edas, sin grandes avances para lograr un acuerdo final. La cantidad de personas que quedan en la toma es hoy la principal diferencia entre las partes, que tambi\u00e9n debaten y negocian las soluciones a corto, mediano y largo plazo para las familias.<\/p>\n<p>\u201cLas propuestas que ha dado el\u00a0Gobierno\u00a0para resolver el problema son muy m\u00ednimas en cantidades. No resuelve el problema total de la cantidad de gente que hay\u201d, se\u00f1alaron desde las organizaciones sociales a\u00a0INFOCIELO. En el informe del\u00a0Comit\u00e9 Interministerial\u00a0sobre\u00a0Guernica, el Gobierno sostuvo lo contrario. Que hubo una importante propuesta englobada en el\u00a0Plan de H\u00e1bitat\u00a0que anunci\u00f3\u00a0Kicillof, que el trabajo de campo se hizo, que el Estado se hizo presente y que quienes traban el acuerdo son las propias organizaciones.<br \/>\nLa lluvia agudiz\u00f3 el problema. Anoche las familias que ocupan terrenos con carpas y casillas de madera y nylon sufrieron la tormenta y la inundaci\u00f3n del predio. \u201cLuego del temporal de estas \u00faltimas horas, nos parece importante que el Gobierno brinde una atenci\u00f3n de emergencia con materiales y comida, ya que muchas familias perdieron lo poco que ten\u00edan\u201d, reclaman hoy desde las organizaciones.<\/p>\n<p>El pron\u00f3stico clim\u00e1tico no es alentador: Las malas condiciones meteorol\u00f3gicas \u2013que por otro lado tambi\u00e9n imposibilitan el desalojo, seg\u00fan el fallo judicial\u2013 continuar\u00edan en Guernica y la zona al menos hasta el pr\u00f3ximo martes. Ayer, el Comit\u00e9 Interministerial encabezado por el Ministerio de Desarrollo a la Comunidad avanz\u00f3 en el nuevo censo solicitado por los delegados y los vecinos de la toma, con la participaci\u00f3n veedores de Derechos Humanos. Pero el mismo debi\u00f3 ser suspendido por las fuertes lluvias.<\/p>\n<p>Seg\u00fan pudo saber\u00a0INFOCIELO, se retomar\u00eda ma\u00f1ana si es que las condiciones clim\u00e1ticas lo permiten.\u00a0Una vez que el censo est\u00e9 finalizado, y est\u00e9 resuelta la disputa por la cantidad de gente restante en la toma, la Provincia y los vecinos y delegados de la toma se volver\u00edan a sentar a negociar.<\/p>\n<p>La \u00faltima propuesta, que fue rechazada por las organizaciones pol\u00edticas y sociales, propon\u00eda trasladar a las familias restantes a albergues transitorios dispuestos por el Gobierno, hasta que se habiliten los lotes con servicios que prometieron para resolver la problem\u00e1tica de fondo: El acceso a la tierra. A eso se le suma la asistencia econ\u00f3mica con subsidios, y el acta de acuerdo que firmaron casi 700 familias. Para las organizaciones, es insuficiente.<\/p>\n<p>El di\u00e1logo entre las partes se mantiene, y eso pospone el desalojo del predio en Guernica, que seg\u00fan trascendidos, estar\u00eda planificado para el 26 de octubre, si el clima lo permite. Por eso, se acortan cada vez m\u00e1s los plazos dispuestos por la Justicia, que no otorg\u00f3 nuevas pr\u00f3rrogas. \u201cEl Gobierno va a tener que acelerar una respuesta\u201d, piden las organizaciones sociales. Enfrente,\u00a0el Gobierno cree que las respuestas ya las dio, que quienes traban el acuerdo son las propias organizaciones, y que todav\u00eda se sienta a negociar y mantiene el di\u00e1logo abierto es porque no quieren que tanto esfuerzo termine en un desalojo por la fuerza.<\/p>\n<h6>Fuente: InfoCielo<\/h6>\n","protected":false},"excerpt":{"rendered":"<p>La toma en Guernica hoy cumple tres meses. La Provincia busca agotar los recursos para no llegar a un desalojo por la fuerza.<\/p>\n","protected":false},"author":2,"featured_media":108325,"comment_status":"closed","ping_status":"closed","sticky":false,"template":"","format":"standard","meta":{"footnotes":""},"categories":[2],"tags":[12],"class_list":["post-108324","post","type-post","status-publish","format-standard","has-post-thumbnail","hentry","category-informe-municipal","tag-buenos-aires"],"_links":{"self":[{"href":"http:\/\/argentinamunicipal.com.ar\/argentina\/wp-json\/wp\/v2\/posts\/108324","targetHints":{"allow":["GET"]}}],"collection":[{"href":"http:\/\/argentinamunicipal.com.ar\/argentina\/wp-json\/wp\/v2\/posts"}],"about":[{"href":"http:\/\/argentinamunicipal.com.ar\/argentina\/wp-json\/wp\/v2\/types\/post"}],"author":[{"embeddable":true,"href":"http:\/\/argentinamunicipal.com.ar\/argentina\/wp-json\/wp\/v2\/users\/2"}],"replies":[{"embeddable":true,"href":"http:\/\/argentinamunicipal.com.ar\/argentina\/wp-json\/wp\/v2\/comments?post=108324"}],"version-history":[{"count":0,"href":"http:\/\/argentinamunicipal.com.ar\/argentina\/wp-json\/wp\/v2\/posts\/108324\/revisions"}],"wp:featuredmedia":[{"embeddable":true,"href":"http:\/\/argentinamunicipal.com.ar\/argentina\/wp-json\/wp\/v2\/media\/108325"}],"wp:attachment":[{"href":"http:\/\/argentinamunicipal.com.ar\/argentina\/wp-json\/wp\/v2\/media?parent=108324"}],"wp:term":[{"taxonomy":"category","embeddable":true,"href":"http:\/\/argentinamunicipal.com.ar\/argentina\/wp-json\/wp\/v2\/categories?post=108324"},{"taxonomy":"post_tag","embeddable":true,"href":"http:\/\/argentinamunicipal.com.ar\/argentina\/wp-json\/wp\/v2\/tags?post=108324"}],"curies":[{"name":"wp","href":"https:\/\/api.w.org\/{rel}","templated":true}]}}