{"id":108333,"date":"2020-10-21T05:47:38","date_gmt":"2020-10-21T08:47:38","guid":{"rendered":"http:\/\/argentinamunicipal.com.ar\/argentina\/?p=108333"},"modified":"2020-10-21T06:50:18","modified_gmt":"2020-10-21T09:50:18","slug":"intendentes-de-la-costa-atlantica-se-entusiasmaron-con-el-plan-para-la-temporada","status":"publish","type":"post","link":"http:\/\/argentinamunicipal.com.ar\/argentina\/intendentes-de-la-costa-atlantica-se-entusiasmaron-con-el-plan-para-la-temporada\/","title":{"rendered":"Intendentes de la Costa atl\u00e1ntica se entusiasmaron con el plan para la temporada"},"content":{"rendered":"<p>Los jefes comunales de Mar del Plata, Pinamar, Necochea, Mar Chiquita y Alvarado avalaron el permiso a los turistas desde diciembre hasta abril, con protocolos<\/p>\n<p>Los intendentes de Mar del Plata, Pinamar, La Costa, Mar Chiquita, General Alvarado y Necochea manifestaron su acompa\u00f1amiento a la decisi\u00f3n del gobierno bonaerense de comenzar la temporada de verano el 1 de noviembre para propietarios no residentes y el 1 de diciembre para turistas en general y finalizarla el domingo 4 de abril, al cerrar la Semana Santa.<\/p>\n<p>Los jefes comunales coincidieron que en calificar como \u201cpositivo\u201d el lanzamiento de la aplicaci\u00f3n CuidAr Verano, que tiene como prop\u00f3sito llevar adelante un seguimiento de los turistas que llegar\u00e1n a las distintas playas y ciudades de la costa atl\u00e1ntica bonaerense.<\/p>\n<p>De todas maneras, ayer discreparon el gobernador Axel Kicillof y el ministro de Turismo, Mat\u00edas Lammens, acerca de si la app ser\u00e1 obligatoria o no. Mientras Kicillof se pronunci\u00f3 a favor de la obligatoriedad Lammens lo contradijo: \u201cNo va a ser obligatoria, no es que si no la bajaste al celular no vas a poder entrar a determinado lugar\u201d, expres\u00f3 el funcionario nacional.<\/p>\n<p>Guillermo Montenegro, intendente de Mar del Plata, se\u00f1al\u00f3 que \u201cva a ser una temporada absolutamente distinta a la que estamos acostumbrados\u201d y confes\u00f3 que en el seno de su gabinete \u201ctodo lo que tiene que ver con la clandestinidad nos preocupa, porque al evitar los boliches y lugares cerrados que hoy los tenemos controlados, en el verano vamos a tener que controlar m\u00e1s. Vamos a tener que trabajar muy fuerte para evitar la clandestinidad\u201d.<\/p>\n<p>Agreg\u00f3 que cada turista deber\u00e1 \u201ctener la aplicaci\u00f3n, (indicar) quienes son los que vienen en el auto y d\u00f3nde van a estar\u201d, y a la vez firmar \u201cuna declaraci\u00f3n jurada que controlamos cuando llegan\u201d.<\/p>\n<p>El gobierno bonaerense de Kicillof vet\u00f3 el funcionamiento de salas teatrales, cines y de cualquier actividad que se desarrolle puertas adentro, por lo que tambi\u00e9n quedaron afuera boliches bailables, bingos y casinos. Tampoco, pese a funcionar a la intemperie, se permitir\u00e1 el alojamiento en campings.<\/p>\n<p>El problema en los camping, seg\u00fan el gobierno de Kicillof, son los espacios compartidos como las duchas. Los balnearios, que s\u00ed est\u00e1n habilitados, tambi\u00e9n cuentan con vestuarios y duchas pero seg\u00fan se explic\u00f3 se pondr\u00e1n en marcha protocolos y funcionar\u00e1n con capacidad limitada y limpieza permanente.<\/p>\n<p>Jorge Paredi, intendente de Mar Chiquita, sostuvo: \u201cEs una muy buena noticia tener como fecha de inicio el 1 de diciembre y tenemos este tiempo para agilizar la implementaci\u00f3n de la app CuidAr Verano y darle la tranquilidad al turista de que Mar Chiquita es un destino seguro\u201d, asever\u00f3.<\/p>\n<p>Cristian Cardozo, intendente del Partido de La Costa, expres\u00f3 su acompa\u00f1amiento y anticip\u00f3 que \u201cvamos a habilitar siete nuevas playas, que es una de las posibilidades que nos permite tener mas de 90 kil\u00f3metros de costa como tiene nuestro partido\u201d.<\/p>\n<p>Por su parte, Mart\u00edn Yesa, intendente de Pinamar, dijo que \u201ceste anuncio pone fin a la incertidumbre y nos permite hacer todo lo que organizamos en estos meses\u201d, consider\u00f3 y remarc\u00f3: \u201cAhora tenemos certidumbre, planificaci\u00f3n, revisi\u00f3n de las acciones y la posibilidad de invertir para tener la mejor temporada de verano posible\u201d.<\/p>\n<p>A su turno, el intendente de Necochea, Arturo Rojas, puntualiz\u00f3 que la propuesta de calendario y protocolos de los gobiernos nacional y provincial \u201ces alentadora porque propusieron una temporada m\u00e1s extensa en el tiempo para evitar el aglomera miento de gente\u201d.<\/p>\n<p>Finalmente, Sebast\u00edan Ianantuony, intendente de General Alvarado, subray\u00f3 su acuerdo \u201ccon este proyecto del programa CuidAr Verano y lo celebramos. Trabajamos bien con el tema de los protocolos y venimos trabajando muy bien con la Naci\u00f3n y la provincia y con el sector privado\u201d, indic\u00f3.<\/p>\n<h6>Fuente: La capital<\/h6>\n","protected":false},"excerpt":{"rendered":"<p>Los jefes comunales de Mar del Plata, Pinamar, Necochea, Mar Chiquita y Alvarado avalaron el permiso a los turistas desde diciembre hasta abril, con protocolos<\/p>\n","protected":false},"author":2,"featured_media":108334,"comment_status":"closed","ping_status":"closed","sticky":false,"template":"","format":"standard","meta":{"footnotes":""},"categories":[2],"tags":[21],"class_list":["post-108333","post","type-post","status-publish","format-standard","has-post-thumbnail","hentry","category-informe-municipal","tag-argentina"],"_links":{"self":[{"href":"http:\/\/argentinamunicipal.com.ar\/argentina\/wp-json\/wp\/v2\/posts\/108333","targetHints":{"allow":["GET"]}}],"collection":[{"href":"http:\/\/argentinamunicipal.com.ar\/argentina\/wp-json\/wp\/v2\/posts"}],"about":[{"href":"http:\/\/argentinamunicipal.com.ar\/argentina\/wp-json\/wp\/v2\/types\/post"}],"author":[{"embeddable":true,"href":"http:\/\/argentinamunicipal.com.ar\/argentina\/wp-json\/wp\/v2\/users\/2"}],"replies":[{"embeddable":true,"href":"http:\/\/argentinamunicipal.com.ar\/argentina\/wp-json\/wp\/v2\/comments?post=108333"}],"version-history":[{"count":0,"href":"http:\/\/argentinamunicipal.com.ar\/argentina\/wp-json\/wp\/v2\/posts\/108333\/revisions"}],"wp:featuredmedia":[{"embeddable":true,"href":"http:\/\/argentinamunicipal.com.ar\/argentina\/wp-json\/wp\/v2\/media\/108334"}],"wp:attachment":[{"href":"http:\/\/argentinamunicipal.com.ar\/argentina\/wp-json\/wp\/v2\/media?parent=108333"}],"wp:term":[{"taxonomy":"category","embeddable":true,"href":"http:\/\/argentinamunicipal.com.ar\/argentina\/wp-json\/wp\/v2\/categories?post=108333"},{"taxonomy":"post_tag","embeddable":true,"href":"http:\/\/argentinamunicipal.com.ar\/argentina\/wp-json\/wp\/v2\/tags?post=108333"}],"curies":[{"name":"wp","href":"https:\/\/api.w.org\/{rel}","templated":true}]}}