{"id":108346,"date":"2020-10-22T04:53:54","date_gmt":"2020-10-22T07:53:54","guid":{"rendered":"http:\/\/argentinamunicipal.com.ar\/argentina\/?p=108346"},"modified":"2020-10-21T19:56:08","modified_gmt":"2020-10-21T22:56:08","slug":"diez-ciudades-de-rio-negro-incluidas-en-municipios-de-pie","status":"publish","type":"post","link":"http:\/\/argentinamunicipal.com.ar\/argentina\/diez-ciudades-de-rio-negro-incluidas-en-municipios-de-pie\/","title":{"rendered":"Diez ciudades de R\u00edo Negro incluidas en Municipios de Pie"},"content":{"rendered":"<p>Desde Olivos, el presidente Alberto Fern\u00e1ndez encabez\u00f3 ayer la presentaci\u00f3n del programa Municipios de Pie que, en medio de asistencia a las provincias y planes de reactivaci\u00f3n con fondos p\u00fablicos, es una se\u00f1al directa a los intendentes y jefes comunales.<\/p>\n<p>Lo hizo junto al ministro del Interior, Wado de Pedro.<\/p>\n<p>De la videoconferencia participaron 160 intendentes de todo el pa\u00eds, de distintos espacios pol\u00edticos, condici\u00f3n sobre la que Fern\u00e1ndez plante\u00f3 luego la idea de \u00abunidad\u00bb para salir de la crisis producida por la pandemia. Puntualmente de R\u00edo Negro, estuvieron presentes 10 intendentes que sus ciudades est\u00e1n incluidas en el plan: Cervantes; Roca; Godoy; Conesa; Guardia Mitre; Jacobacci; Lamarque; Beltr\u00e1n; Pilcaniyeu; R\u00edo Colorado y Sierra Colorada.<\/p>\n<p>\u201cNos ha tocado gobernar en un tiempo muy dif\u00edcil, donde la unidad de todos nosotros es important\u00edsima para que la Argentina levante cabeza\u201d, indic\u00f3 el Presidente. Y explic\u00f3: \u201cNo me importa de d\u00f3nde vienen, si son radicales, si son socialistas, si son peronistas o son independientes o son Cambiemos. Lo \u00fanico que quiero saber es si quieren el mismo pa\u00eds que yo, que es un pa\u00eds m\u00e1s justo, m\u00e1s solidario y m\u00e1s integrado, si es as\u00ed abrac\u00e9monos y caminemos juntos\u201d.<\/p>\n<p>El programa se llama Municipios de Pie y contempla asistencia directa a intendencias por 1.086 millones de pesos para \u00abimpulsar la econom\u00eda, la integraci\u00f3n regional y la inclusi\u00f3n social en todo el territorio nacional\u00bb, seg\u00fan el detalle oficial.<\/p>\n<p>Fern\u00e1ndez abraz\u00f3, adem\u00e1s, un argumento repetido de los intendentes respecto a que los municipios son la primera puerta que golpean los vecinos frente a un problema. \u201cLe plante\u00e9 a Wado: \u2018And\u00e1 a preguntar a cada municipio qu\u00e9 es lo que necesitan, c\u00f3mo podemos ayudarlos a concretar sus urgencias\u201d, dijo el Presidente.<\/p>\n<p>El programa, que en la primera etapa alcanz\u00f3 a 160 municipios, consiste en el env\u00edo de fondos para iniciativas que eleva cada distrito que pueden ser de naturaleza diversa: obras, compra de equipamiento o, por caso, desarrollo tecnol\u00f3gico.<\/p>\n<p>En el proceso de selecci\u00f3n, adem\u00e1s de un primer universo que elev\u00f3 pedidos, se aplic\u00f3 el \u00cdndice Federal de Inequidad Territorial (IFIT), un modelo que mide NBI, territorio y densidad de poblaci\u00f3n, entre otros indicadores, para evaluar las condiciones de equidad de cada municipio.<\/p>\n<p>Una parte de los 160 distritos de la primera tanda se incorporaron a partir de ese \u00edndice.<\/p>\n<p>Respecto a la distribuci\u00f3n federal, de los 160 municipios de esa etapa, 24 son de la provincia de Buenos Aires, 52 de la zona centro del pa\u00eds, 14 de la regi\u00f3n cuyana, 23 del Noreste, 14 del Noroeste, 23 de Patagonia norte y 10 de Patagonia sur.<\/p>\n<p>Pertenecen a las provincias de Buenos Aires (24); C\u00f3rdoba (23); Entre R\u00edos (15); Santa Fe (14); La Rioja (2); San Juan (1); Mendoza (5); San Luis (6); Chaco (13); Corrientes (10); Catamarca (1); Jujuy (6); Salta (2); Tucum\u00e1n (5); La Pampa (1); Neuqu\u00e9n (12); R\u00edo Negro (10); Chubut (7); y Tierra del Fuego (3).<\/p>\n<h6>Fuente: ADN<\/h6>\n","protected":false},"excerpt":{"rendered":"<p>Desde Olivos, el presidente Alberto Fern\u00e1ndez encabez\u00f3 ayer la presentaci\u00f3n del programa Municipios de Pie que, en medio de asistencia a las provincias y planes de reactivaci\u00f3n con fondos p\u00fablicos, es una se\u00f1al directa a los intendentes y jefes comunales.<\/p>\n","protected":false},"author":2,"featured_media":108347,"comment_status":"closed","ping_status":"closed","sticky":false,"template":"","format":"standard","meta":{"footnotes":""},"categories":[2],"tags":[11],"class_list":["post-108346","post","type-post","status-publish","format-standard","has-post-thumbnail","hentry","category-informe-municipal","tag-rio-negro"],"_links":{"self":[{"href":"http:\/\/argentinamunicipal.com.ar\/argentina\/wp-json\/wp\/v2\/posts\/108346","targetHints":{"allow":["GET"]}}],"collection":[{"href":"http:\/\/argentinamunicipal.com.ar\/argentina\/wp-json\/wp\/v2\/posts"}],"about":[{"href":"http:\/\/argentinamunicipal.com.ar\/argentina\/wp-json\/wp\/v2\/types\/post"}],"author":[{"embeddable":true,"href":"http:\/\/argentinamunicipal.com.ar\/argentina\/wp-json\/wp\/v2\/users\/2"}],"replies":[{"embeddable":true,"href":"http:\/\/argentinamunicipal.com.ar\/argentina\/wp-json\/wp\/v2\/comments?post=108346"}],"version-history":[{"count":0,"href":"http:\/\/argentinamunicipal.com.ar\/argentina\/wp-json\/wp\/v2\/posts\/108346\/revisions"}],"wp:featuredmedia":[{"embeddable":true,"href":"http:\/\/argentinamunicipal.com.ar\/argentina\/wp-json\/wp\/v2\/media\/108347"}],"wp:attachment":[{"href":"http:\/\/argentinamunicipal.com.ar\/argentina\/wp-json\/wp\/v2\/media?parent=108346"}],"wp:term":[{"taxonomy":"category","embeddable":true,"href":"http:\/\/argentinamunicipal.com.ar\/argentina\/wp-json\/wp\/v2\/categories?post=108346"},{"taxonomy":"post_tag","embeddable":true,"href":"http:\/\/argentinamunicipal.com.ar\/argentina\/wp-json\/wp\/v2\/tags?post=108346"}],"curies":[{"name":"wp","href":"https:\/\/api.w.org\/{rel}","templated":true}]}}