{"id":108352,"date":"2020-10-22T04:30:43","date_gmt":"2020-10-22T07:30:43","guid":{"rendered":"http:\/\/argentinamunicipal.com.ar\/argentina\/?p=108352"},"modified":"2020-10-21T20:02:49","modified_gmt":"2020-10-21T23:02:49","slug":"diputados-avanza-con-ley-que-busca-frenar-los-incendios","status":"publish","type":"post","link":"http:\/\/argentinamunicipal.com.ar\/argentina\/diputados-avanza-con-ley-que-busca-frenar-los-incendios\/","title":{"rendered":"Diputados avanza con ley que busca frenar los incendios"},"content":{"rendered":"<p>El texto proh\u00edbe por 60 a\u00f1os los cambios en la utilizaci\u00f3n del suelo en los bosques nativos, \u00e1reas protegidas y humedales arrasados por el fuego para intentar recuperarlos.<\/p>\n<p>Tras el desastre ambiental que generaron los incendios forestales que ya consumieron 500 mil hect\u00e1reas en todo el pa\u00eds, la comisi\u00f3n de Comisi\u00f3n Recursos Naturales y Conservaci\u00f3n del Ambiente Humano de la C\u00e1mara de Diputados buscar\u00e1 este mi\u00e9rcoles dar dictamen al proyecto que pone fin a la especulaci\u00f3n inmobiliaria y financiera sobre las tierras arrasadas por el fuego, la mayor\u00eda de ellas con intervenci\u00f3n del hombre y de forma intencional. El texto de la iniciativa que impulsan el Frente de Todos y los interbloques federales, proh\u00edbe por 60 a\u00f1os los cambios en la utilizaci\u00f3n del suelo en los bosques nativos, \u00e1reas protegidas y humedales incendiados; y de 30 a\u00f1os en el caso de zonas agr\u00edcolas, praderas, pastizales o matorrales. El proyecto tambi\u00e9n establece la ampliaci\u00f3n del presupuesto del Plan Nacional del Manejo del Fuego para afrontar la emergencia ambiental.<\/p>\n<p>La emergencia no permite m\u00e1s dilaciones. As\u00ed lo entienden los promotores del proyecto que buscar\u00e1n este mi\u00e9rcoles darle dictamen a la iniciativa que propone modificaciones a la Ley de Manejo del Fuego y que establece \u201clapso m\u00ednimo de a\u00f1os que garanticen la recuperaci\u00f3n de superficies incendiadas\u201d. \u201cEmpezamos un debate que consideramos urgente porque vemos continuamente el avance de la especulaci\u00f3n inmobiliaria y c\u00f3mo algunos capitales extienden la frontera sojera a costas de ecosistemas, de flora y fauna irrecuperable\u201d, dijo el presidente de la comisi\u00f3n Leonardo Grosso (FdT) a P\u00e1gina\/12.<\/p>\n<p>El texto de la iniciativa proh\u00edbe realizar modificaciones en el uso de las superficies afectadas por incendios y que impliquen cambios en la actividad agr\u00edcola, emprendimientos inmobiliarios o cualquier otro tipo de actividad que sea distinta al uso y destino que la superficie ten\u00eda al momento de iniciarse el fuego. \u201cCon esta ley queremos ser claros: la acumulaci\u00f3n y la concentraci\u00f3n de la riqueza no puede significar la destrucci\u00f3n de nuestra tierra, el suelo de los argentinos no est\u00e1 a merced de los negocios de unos pocos. Puede haber producci\u00f3n y protecci\u00f3n del ambiente, no hay contradicci\u00f3n\u201d, insisti\u00f3 Grosso ente este diario.<\/p>\n<p>El proyecto tiene un fuerte respaldo parlamentario. La iniciativa impulsada por el jefe del bloque de diputados del Frente de Todos, M\u00e1ximo Kirchner, cosech\u00f3 r\u00e1pidamente adhesiones de distintas bancadas: Eduardo Bali Bucca (Justicialista) y Graciela Cama\u00f1o (Consenso Federal), Jos\u00e9 Luis Ram\u00f3n (Unidad y Equidad Federal), Ricardo Wellbach (Frente de la Concordia Misionero) y Luis Di Giacomo (Juntos Somos R\u00edo Negro), rubricaron y respaldaron el texto del proyecto.<\/p>\n<p>La \u00fanica excepci\u00f3n fue el macrismo y sus aliados de Juntos por el Cambio, que se neg\u00f3 a avalar las restricciones al cambio del uso del suelo y van a la comisi\u00f3n con su propio proyecto sobre \u201cpresupuesto m\u00ednimos de protecci\u00f3n ambiental en materia de incendio forestales y rurales\u201d, que propone crear un fondo nacional para el manejo del fuego. Una propuesta que tambi\u00e9n incluy\u00f3 el proyecto del FdT en su art\u00edculo 4, luego de una reuni\u00f3n con los asesores de la comisi\u00f3n el viernes pasado. All\u00ed se propone la creaci\u00f3n de ese Fondo Nacional para ampliar la capacidad presupuestaria de la autoridad de aplicaci\u00f3n del Plan del Manejo del Fuego. Que, entre otros aportes, incluye \u201cuna contribuci\u00f3n obligatoria del tres por mil de las primas de seguros excepto las del ramo vida, a cargo de las aseguradoras\u201d. \u00abEl Fondo Nacional de Manejo del Fuego podr\u00e1 ser instrumentado mediante un Fideicomiso para su administraci\u00f3n, a ser operado por la banca p\u00fablica, cuyo objeto ser\u00e1 el cumplimiento de las mandas de la Ley 26.815\u201d, sostiene el articulado sobre su asignaci\u00f3n espec\u00edfica.<\/p>\n<p>As\u00ed las cosas, existe una mayor\u00eda legislativa que no tendr\u00eda inconvenientes para obtener el dictamen del proyecto que pone freno a la especulaci\u00f3n financiera e inmobiliaria sobre las tierras quemadas, para llevarlo lo m\u00e1s r\u00e1pido posible al recinto de la C\u00e1mara baja y darle media sanci\u00f3n. Tampoco existir\u00edan dificultades en el Senado, donde el oficialismo tiene mayor\u00eda propia y las provincias comparten su preocupaci\u00f3n por los incendios forestales y sus consecuencias ambientales.<\/p>\n<p>El proyecto modifica el art\u00edculo 22 bis de la Ley N\u00b0 26.815 de Manejo del Fuego, por la que se proh\u00edbe realizar modificaciones en el uso de las superficies afectadas por incendios en \u201cbosques nativos, \u00e1reas naturales protegidas y humedales\u201d y \u201cgarantizar su restauraci\u00f3n\u201d. Es estos casos las prohibici\u00f3n por 60 a\u00f1os incluye \u201crealizar modificaciones en el uso y destino que dichas superficies pose\u00edan con anterioridad al incendio; la divisi\u00f3n, subdivisi\u00f3n, loteo, fraccionamiento o parcelamiento, total o parcial, o cualquier otro emprendimiento inmobiliario, distinto al arrendamiento y venta, de tierras particulares y fiscales; y cualquier actividad agr\u00edcola que sea distinta al uso y destino que la superficie tuviera al momento del incendio\u201d.<\/p>\n<p>Las mismas prohibiciones tambi\u00e9n se aplicar\u00e1n y se extender\u00e1n por 30 a\u00f1os para \u00abzonas agr\u00edcolas, praderas, pastizales, matorrales y en \u00e1reas donde las estructuras edilicias se entremezclan con la vegetaci\u00f3n fuera del ambiente estrictamente urbano o estructural\u201d.<\/p>\n<h6>Fuente: P\u00e1gina 12<\/h6>\n","protected":false},"excerpt":{"rendered":"<p>El texto proh\u00edbe por 60 a\u00f1os los cambios en la utilizaci\u00f3n del suelo en los bosques nativos, \u00e1reas protegidas y humedales arrasados por el fuego para intentar recuperarlos.\u00a0 \u00a0<\/p>\n","protected":false},"author":2,"featured_media":108353,"comment_status":"closed","ping_status":"closed","sticky":false,"template":"","format":"standard","meta":{"footnotes":""},"categories":[8],"tags":[21],"class_list":["post-108352","post","type-post","status-publish","format-standard","has-post-thumbnail","hentry","category-informe-nacional","tag-argentina"],"_links":{"self":[{"href":"http:\/\/argentinamunicipal.com.ar\/argentina\/wp-json\/wp\/v2\/posts\/108352","targetHints":{"allow":["GET"]}}],"collection":[{"href":"http:\/\/argentinamunicipal.com.ar\/argentina\/wp-json\/wp\/v2\/posts"}],"about":[{"href":"http:\/\/argentinamunicipal.com.ar\/argentina\/wp-json\/wp\/v2\/types\/post"}],"author":[{"embeddable":true,"href":"http:\/\/argentinamunicipal.com.ar\/argentina\/wp-json\/wp\/v2\/users\/2"}],"replies":[{"embeddable":true,"href":"http:\/\/argentinamunicipal.com.ar\/argentina\/wp-json\/wp\/v2\/comments?post=108352"}],"version-history":[{"count":0,"href":"http:\/\/argentinamunicipal.com.ar\/argentina\/wp-json\/wp\/v2\/posts\/108352\/revisions"}],"wp:featuredmedia":[{"embeddable":true,"href":"http:\/\/argentinamunicipal.com.ar\/argentina\/wp-json\/wp\/v2\/media\/108353"}],"wp:attachment":[{"href":"http:\/\/argentinamunicipal.com.ar\/argentina\/wp-json\/wp\/v2\/media?parent=108352"}],"wp:term":[{"taxonomy":"category","embeddable":true,"href":"http:\/\/argentinamunicipal.com.ar\/argentina\/wp-json\/wp\/v2\/categories?post=108352"},{"taxonomy":"post_tag","embeddable":true,"href":"http:\/\/argentinamunicipal.com.ar\/argentina\/wp-json\/wp\/v2\/tags?post=108352"}],"curies":[{"name":"wp","href":"https:\/\/api.w.org\/{rel}","templated":true}]}}