{"id":108361,"date":"2020-10-22T05:13:44","date_gmt":"2020-10-22T08:13:44","guid":{"rendered":"http:\/\/argentinamunicipal.com.ar\/argentina\/?p=108361"},"modified":"2020-10-21T20:16:12","modified_gmt":"2020-10-21T23:16:12","slug":"alberto-fernandez-llamo-a-reconstruir-la-unasur-es-lo-que-mas-le-conviene-a-america-latina","status":"publish","type":"post","link":"http:\/\/argentinamunicipal.com.ar\/argentina\/alberto-fernandez-llamo-a-reconstruir-la-unasur-es-lo-que-mas-le-conviene-a-america-latina\/","title":{"rendered":"Alberto Fern\u00e1ndez llam\u00f3 a reconstruir la Unasur: \u00abEs lo que m\u00e1s le conviene a Am\u00e9rica Latina\u00bb"},"content":{"rendered":"<p>El Presidente celebr\u00f3 la victoria de Luis Arce y plante\u00f3 la necesidad de relanzar la organizaci\u00f3n regional que la derecha desmantel\u00f3 cuando avanz\u00f3 en los gobiernos de la regi\u00f3n. Anunci\u00f3 que la estatua de N\u00e9stor Kirchner que estaba en la sede de la Unasur en Ecuador ser\u00e1 emplazada frente al CCK este 27 de octubre, a 10 a\u00f1os de su muerte.<\/p>\n<p>El presidente\u00a0Alberto Fern\u00e1ndez\u00a0celebr\u00f3 el triunfo del Movimiento al Socialismo (MAS) en las elecciones de este domingo y que\u00a0\u201cla democracia haya vuelto a Bolivia\u201d\u00a0y anticip\u00f3 su deseo de estar presente en la asunci\u00f3n de Luis Arce y tambi\u00e9n de acompa\u00f1ar a Evo Morales en el regreso a su pa\u00eds. Adem\u00e1s, plante\u00f3 que\u00a0hay que reimpulsar la Unasur\u00a0y anunci\u00f3 que este martes 27 de octubre, al cumplirse los diez a\u00f1os de su muerte,\u00a0se emplazar\u00e1 frente al Centro Cultural Kirchner (CCK) la estatua de N\u00e9stor Kirchner\u00a0que estaba frente a la sede de esa organizaci\u00f3n en Ecuador.<\/p>\n<p>\u201cGracias a Dios, cuando los bolivianos pudieron expresarse se expresaron como lo hicieron y la verdad es que a m\u00ed me pone muy contento\u201d, afirm\u00f3 el presidente y elogi\u00f3 a Luis Arce, ganador de las elecciones. \u201cEs un economista muy prestigioso, que fue su ministro (de Evo Morales) durante toda la gesti\u00f3n, un hombre de calidad t\u00e9cnica y humana y la gente eso lo percibi\u00f3\u201d, remarc\u00f3.<\/p>\n<p>Fern\u00e1ndez record\u00f3 que luego del golpe de Estado en Bolivia, Evo Morales fue perseguido por el gobierno de la dictadora Jeanine \u00c1\u00f1ez y \u201clo obligaron a exiliarse\u201d, al igual que a otros dirigentes pol\u00edticos del MAS, como el exvicepresidente Alvaro Garc\u00eda Linera.<\/p>\n<p>\u201cLo mismo le pas\u00f3 a muchos hermanos bolivianos que tuvieron que escaparse y muchos terminaron apresados -se\u00f1al\u00f3 el presidente en di\u00e1logo con El Destape Radio-. Nosotros hemos recibido ac\u00e1 a muchos dirigentes bolivianos que tuvieron que refugiarse en la Argentina para salvar su vida. De los hijos de Evo Morales me tuve que ocupar de traerlos y sacarlos de La Paz porque su vida corr\u00eda peligro\u201d.<\/p>\n<p>Fern\u00e1ndez destac\u00f3 la gesti\u00f3n realizada por su par mexicano, Andr\u00e9s Manuel L\u00f3pez Obrador, para enviar un avi\u00f3n y rescatar a Morales, Garc\u00eda Linera y otros pol\u00edticos del MAS. \u201cNosotros queremos salvaguardar la vida de los bolivianos perseguidos. Es una cuesti\u00f3n de derechos humanos y para m\u00ed, y para todos nosotros, el tema de los derechos humanos es un tema muy sensible\u201d, manifest\u00f3.<\/p>\n<p>Asimismo, el mandatario cont\u00f3 que habl\u00f3 con el presidente de Francia, Emmanuel Macron, sobre las elecciones en Bolivia. \u201cMe preguntaba c\u00f3mo iba a salir la situaci\u00f3n y le dije \u2018va a salir como el a\u00f1o pasado, va a ganar el MAS y con lo que hay que terminar en Bolivia es con la persecuci\u00f3n\u2019. Ning\u00fan argentino de bien puede quedarse de brazos cruzados frente a un abuso\u201d.<\/p>\n<p>El\u00a0presidente cen\u00f3 este martes con Morales\u00a0en la residencia de Olivos para festejar el resultado de las elecciones y el regreso de la democracia boliviana. \u201cInvitamos a dos amigos que queremos mucho, a Hugo Yasky y a Eduardo Vald\u00e9s. Fue una charla de amigos\u201d, describi\u00f3.<\/p>\n<p>Fern\u00e1ndez asegur\u00f3 que\u00a0le gustar\u00eda participar de la asunci\u00f3n presidencial de Arce, aunque resta determinar la fecha. \u201cPor supuesto que me gustar\u00eda acompa\u00f1arlo.\u00a0Me encantar\u00eda acompa\u00f1ar a Evo a que vuelva a su patria. \u00c9l sabe que siempre tendr\u00e1 en nosotros a un amigo\u201d, afirm\u00f3 el presidente argentino.<\/p>\n<p>Respecto a la pol\u00edtica regional, Fern\u00e1ndez se\u00f1al\u00f3 que \u201cdesde que nosotros llegamos Argentina nunca particip\u00f3 en el Grupo Lima\u201d y llam\u00f3 a \u201creconstituir la Unasur, con mucha apertura, donde cada pueblo de Am\u00e9rica Latina sea respetado y ver c\u00f3mo trabajamos juntos\u201d. \u201cTenemos que impulsarla porque es lo que m\u00e1s le conviene a Am\u00e9rica Latina: que nos unamos y enfrentemos los problemas que tenemos. Ser\u00eda muy bueno que volvamos a trabajar en eso\u201d, manifest\u00f3.<\/p>\n<p>Este martes 27 de octubre, cuando se cumplan 10 a\u00f1os de la muerte de N\u00e9stor Kirchner y un a\u00f1o del triunfo electoral del Frente de Todos, se inaugurar\u00e1 una estatua del expresidente frente al Centro Cultural Kirchner. \u201cEs una estatua que estaba en Ecuador, en la Unasur y cuando lleg\u00f3 el gobierno de Lenin Moreno la sacaron\u201d, explic\u00f3 Fern\u00e1ndez. Kirchner fue el primer secretario general de esa organizaci\u00f3n.<\/p>\n<p>\u201cGracias a Dios (la estatua) ya lleg\u00f3 hace dos semanas y la estamos poniendo en condiciones -cont\u00f3 el presidente-. El 27 de octubre se cumple un a\u00f1o de nuestro triunfo electoral y diez a\u00f1os de la desaparici\u00f3n de N\u00e9stor\u2026 es una buena oportunidad para celebrar homenaje\u00e1ndolo\u201d.<\/p>\n<h6>Fuente: P\u00e1gina 12<\/h6>\n","protected":false},"excerpt":{"rendered":"<p>El Presidente celebr\u00f3 la victoria de Luis Arce y plante\u00f3 la necesidad de relanzar la organizaci\u00f3n regional que la derecha desmantel\u00f3 cuando avanz\u00f3 en los gobiernos de la regi\u00f3n<\/p>\n","protected":false},"author":2,"featured_media":108362,"comment_status":"closed","ping_status":"closed","sticky":false,"template":"","format":"standard","meta":{"footnotes":""},"categories":[4],"tags":[21],"class_list":["post-108361","post","type-post","status-publish","format-standard","has-post-thumbnail","hentry","category-informe-politico","tag-argentina"],"_links":{"self":[{"href":"http:\/\/argentinamunicipal.com.ar\/argentina\/wp-json\/wp\/v2\/posts\/108361","targetHints":{"allow":["GET"]}}],"collection":[{"href":"http:\/\/argentinamunicipal.com.ar\/argentina\/wp-json\/wp\/v2\/posts"}],"about":[{"href":"http:\/\/argentinamunicipal.com.ar\/argentina\/wp-json\/wp\/v2\/types\/post"}],"author":[{"embeddable":true,"href":"http:\/\/argentinamunicipal.com.ar\/argentina\/wp-json\/wp\/v2\/users\/2"}],"replies":[{"embeddable":true,"href":"http:\/\/argentinamunicipal.com.ar\/argentina\/wp-json\/wp\/v2\/comments?post=108361"}],"version-history":[{"count":0,"href":"http:\/\/argentinamunicipal.com.ar\/argentina\/wp-json\/wp\/v2\/posts\/108361\/revisions"}],"wp:featuredmedia":[{"embeddable":true,"href":"http:\/\/argentinamunicipal.com.ar\/argentina\/wp-json\/wp\/v2\/media\/108362"}],"wp:attachment":[{"href":"http:\/\/argentinamunicipal.com.ar\/argentina\/wp-json\/wp\/v2\/media?parent=108361"}],"wp:term":[{"taxonomy":"category","embeddable":true,"href":"http:\/\/argentinamunicipal.com.ar\/argentina\/wp-json\/wp\/v2\/categories?post=108361"},{"taxonomy":"post_tag","embeddable":true,"href":"http:\/\/argentinamunicipal.com.ar\/argentina\/wp-json\/wp\/v2\/tags?post=108361"}],"curies":[{"name":"wp","href":"https:\/\/api.w.org\/{rel}","templated":true}]}}