{"id":108364,"date":"2020-10-22T05:17:01","date_gmt":"2020-10-22T08:17:01","guid":{"rendered":"http:\/\/argentinamunicipal.com.ar\/argentina\/?p=108364"},"modified":"2020-10-21T20:19:08","modified_gmt":"2020-10-21T23:19:08","slug":"el-banco-nacion-pidio-que-se-investigue-si-el-balance-2019-de-vicentin-es-falso","status":"publish","type":"post","link":"http:\/\/argentinamunicipal.com.ar\/argentina\/el-banco-nacion-pidio-que-se-investigue-si-el-balance-2019-de-vicentin-es-falso\/","title":{"rendered":"El Banco Naci\u00f3n pidi\u00f3 que se investigue si el balance 2019 de Vicentin es \u00abfalso\u00bb"},"content":{"rendered":"<p>\u201cLa contradicci\u00f3n que hay entre el balance que presentaron para tomar los cr\u00e9ditos nacionales y extranjeros y el que presentaron ahora es tan grande que hay US$ 1.800 millones aproximadamente de diferencia\u201d, argument\u00f3 la entidad.<\/p>\n<p>El Banco Naci\u00f3n (BNA) present\u00f3 hoy una denuncia en la Fiscal\u00eda de Delitos Complejos de Santa Fe para que se investigue por el posible delito de \u201cbalance falso\u201d a Vicentin, luego de analizar los estados contables presentados por la agroexportadora en el concurso de acreedores, que muestran p\u00e9rdidas por U$S 3.046 millones en un per\u00edodo de apenas tres meses.<\/p>\n<p>El balance 2019 de Vicentin SAIC \u2013que la empresa demor\u00f3 10 meses en presentar- fue aprobado en la \u00faltima asamblea de accionistas, realizada hace 7 d\u00edas en la localidad de Reconquista.<\/p>\n<p>Tanto el Banco Naci\u00f3n como los acreedores financieros externos \u2013nucleados en un comit\u00e9 ad hoc- advirtieron que, si la asamblea daba por aprobado ese balance, iban a presentar una denuncia por estafa y falsedad de documentos que la entidad estatal concret\u00f3 hoy.<\/p>\n<p>\u00abLa contradicci\u00f3n que hay entre el balance que presentaron para tomar los cr\u00e9ditos nacionales y extranjeros y el que presentaron ahora es tan grande que hay US$ 1.800 millones aproximadamente de diferencia\u00bb, dijeron a T\u00e9lam fuentes del BNA.<\/p>\n<p>Las mismas fuentes subrayaron que \u00abes un monto muy similar a sus deudas comerciales y financieras que no cumplieron\u00bb, y por la cual Vicentin solicit\u00f3 en febrero pasado el concurso preventivo de acreedores, luego de declararse en cesaci\u00f3n de pagos en diciembre de 2019.<\/p>\n<p>La demanda fue presentada en la Fiscal\u00eda de Delitos Complejos de la ciudad de Santa Fe, a cargo de Mariela Jim\u00e9nez, atento a que la empresa est\u00e1 radicada en esta jurisdicci\u00f3n.<\/p>\n<p>El representante legal del BNA considera en la denuncia \u00abllamativo\u00bb que Vicentin haya cambiado a su hist\u00f3rica consultora para efectuar el balance 2019 y que el juez civil y comercial del concurso, Fabi\u00e1n Lorenzini, lo haya abierto sin la existencia de ese documento y le otorgara varios meses para su presentaci\u00f3n.<\/p>\n<p>Entre otras medidas de prueba, la presentaci\u00f3n judicial solicita a la Fiscal\u00eda que \u00abse ordene la realizaci\u00f3n de un peritaje contable y de auditor\u00eda\u00bb sobre libros y registros contables de Vicentin para determinar \u00absi son llevados en forma legal\u00bb y los n\u00fameros del balance 2019 poseen \u00abrespaldo en la documentaci\u00f3n contable\u00bb de la compa\u00f1\u00eda.<\/p>\n<p>La presunci\u00f3n que existe tanto en el BNA como en el comit\u00e9 ad hoc de bancos extranjeros acreedores de la agroexportadora es que la firma habr\u00eda falseado datos de sus balances para obtener cr\u00e9ditos con los cuales mantener su operaci\u00f3n exportadora.<\/p>\n<p>\u00abLa denuncia del BNA sobre supuesta falsedad del balance no hace m\u00e1s que confirmar la documentaci\u00f3n ya remitida por algunos productores, y tambi\u00e9n algunos bancos internacionales perjudicados, donde ellos demuestran, de acuerdo con su punto de vista, que Vicentin comenz\u00f3 a falsificar documentaci\u00f3n en forma grosera, alevosa, a partir del a\u00f1o 2017, para recibir la mayor cantidad de millones de d\u00f3lares como cr\u00e9ditos tanto del Banco Naci\u00f3n como de los bancos internacionales y del cereal enviado por los productores\u00bb, dijo a esta agencia el diputado santafesino Carlos Del Frade, miembro de la comisi\u00f3n legislativa de seguimiento de la empresa.<\/p>\n<p>La denuncia de la banca oficial \u2013a la que accedi\u00f3 T\u00e9lam- incluye las \u00abobservaciones preliminares\u00bb del an\u00e1lisis del balance 2019 encargado al estudio Arelovich &amp; Asociados.<\/p>\n<p>\u00abEl resultado final del ejercicio arroja una p\u00e9rdida de $52 mil millones, contra una ganancia de $2.800 millones del ejercicio anterior y una ganancia declarada por la empresa al 31 de julio de 2019, en d\u00f3lares, de 2.775 millones\u00bb, precisa el estudio, para concluir: \u00abO sea en tres meses perdi\u00f3 3.046 millones de d\u00f3lares\u00bb.<\/p>\n<p>De acuerdo con el an\u00e1lisis preliminar de la Arelovich &amp; Asociados, \u00abel patrimonio neto baj\u00f3 de $30.542 millones positivo a $17.502 negativo\u00bb entre 2018 y 2019, \u00abo sea una variaci\u00f3n de $48.045 millones\u00bb.<\/p>\n<p>\u00abCon ese patrimonio neto negativo, de acuerdo al art\u00edculo 94 de la ley de Sociedades, la sociedad quedar\u00eda disuelta si no recompone el capital\u00bb, agrega el trabajo.<\/p>\n<p>Tambi\u00e9n pone la lupa sobre el destino de los granos vendidos a Vicentin por productores agropecuarios que reclaman el pago de los mismos o su devoluci\u00f3n.<\/p>\n<p>\u00abDentro del total de bienes de cambio de 7.262 millones, solo hay 1.798 millones en materias primas (granos)\u00bb, dice el informe, para agregar que \u00abel movimiento de granos posteriores de las plantas se presume que es propiedad de terceros\u00bb.<\/p>\n<h6>Fuente: Telam<\/h6>\n","protected":false},"excerpt":{"rendered":"<p>\u201cLa contradicci\u00f3n que hay entre el balance que presentaron para tomar los cr\u00e9ditos nacionales y extranjeros y el que presentaron ahora es tan grande que hay US$ 1.800 millones aproximadamente de diferencia\u201d, argument\u00f3 la entidad.<\/p>\n","protected":false},"author":2,"featured_media":108365,"comment_status":"closed","ping_status":"closed","sticky":false,"template":"","format":"standard","meta":{"footnotes":""},"categories":[5],"tags":[21],"class_list":["post-108364","post","type-post","status-publish","format-standard","has-post-thumbnail","hentry","category-informe-economico","tag-argentina"],"_links":{"self":[{"href":"http:\/\/argentinamunicipal.com.ar\/argentina\/wp-json\/wp\/v2\/posts\/108364","targetHints":{"allow":["GET"]}}],"collection":[{"href":"http:\/\/argentinamunicipal.com.ar\/argentina\/wp-json\/wp\/v2\/posts"}],"about":[{"href":"http:\/\/argentinamunicipal.com.ar\/argentina\/wp-json\/wp\/v2\/types\/post"}],"author":[{"embeddable":true,"href":"http:\/\/argentinamunicipal.com.ar\/argentina\/wp-json\/wp\/v2\/users\/2"}],"replies":[{"embeddable":true,"href":"http:\/\/argentinamunicipal.com.ar\/argentina\/wp-json\/wp\/v2\/comments?post=108364"}],"version-history":[{"count":0,"href":"http:\/\/argentinamunicipal.com.ar\/argentina\/wp-json\/wp\/v2\/posts\/108364\/revisions"}],"wp:featuredmedia":[{"embeddable":true,"href":"http:\/\/argentinamunicipal.com.ar\/argentina\/wp-json\/wp\/v2\/media\/108365"}],"wp:attachment":[{"href":"http:\/\/argentinamunicipal.com.ar\/argentina\/wp-json\/wp\/v2\/media?parent=108364"}],"wp:term":[{"taxonomy":"category","embeddable":true,"href":"http:\/\/argentinamunicipal.com.ar\/argentina\/wp-json\/wp\/v2\/categories?post=108364"},{"taxonomy":"post_tag","embeddable":true,"href":"http:\/\/argentinamunicipal.com.ar\/argentina\/wp-json\/wp\/v2\/tags?post=108364"}],"curies":[{"name":"wp","href":"https:\/\/api.w.org\/{rel}","templated":true}]}}