{"id":108374,"date":"2020-10-22T04:27:02","date_gmt":"2020-10-22T07:27:02","guid":{"rendered":"http:\/\/argentinamunicipal.com.ar\/argentina\/?p=108374"},"modified":"2020-10-22T06:30:05","modified_gmt":"2020-10-22T09:30:05","slug":"se-oficializo-la-creacion-del-programa-nacional-de-educacion-alimentaria-nutricional","status":"publish","type":"post","link":"http:\/\/argentinamunicipal.com.ar\/argentina\/se-oficializo-la-creacion-del-programa-nacional-de-educacion-alimentaria-nutricional\/","title":{"rendered":"Se oficializ\u00f3 la creaci\u00f3n del Programa Nacional de Educaci\u00f3n Alimentaria Nutricional"},"content":{"rendered":"<p>El Programa \u00abAlimentar Saberes\u00bb tiene como objetivo facilitar el acceso a los alimentos, con soberan\u00eda, y prevenir el deterioro de la situaci\u00f3n de salud de la poblaci\u00f3n, asociado con la emergencia alimentaria y \u00abgarantizar el acceso a informaci\u00f3n actualizada y cient\u00edfica sobre alimentaci\u00f3n saludable\u00bb.<\/p>\n<p>El Gobierno nacional oficializ\u00f3 hoy la creaci\u00f3n del Programa Nacional de Educaci\u00f3n Alimentaria Nutricional, denominado \u00abAlimentar Saberes\u00bb, con el que busca \u00abmejorar y preservar la situaci\u00f3n alimentaria y nutricional\u00bb de la poblaci\u00f3n.<\/p>\n<p>Por medio de la Resoluci\u00f3n 277\/2020 de la Secretar\u00eda de Inclusi\u00f3n Social del Ministerio de Desarrollo Social, firmada por su titular, Laura Valeria Alonso, y publicada hoy en el Bolet\u00edn Oficial, se dispone la creaci\u00f3n del programa, que incluye entre sus objetivos\u00a0\u00abgarantizar el acceso a informaci\u00f3n actualizada y cient\u00edfica sobre alimentaci\u00f3n saludable\u00bb.<\/p>\n<p>El programa se desarrollar\u00e1, seg\u00fan se indica en un anexo de la resoluci\u00f3n, bajo tres modalidades: por medio la primera,\u00a0\u00abcentralizada, el Ministerio de Desarrollo Social realiza la adquisici\u00f3n de bienes, servicios y\/o insumos, y\/o aporta los recursos humanos necesarios para las acciones planificadas en las diversas jurisdicciones\u00bb.<\/p>\n<p>En la segunda, \u00abdescentralizada, el Ministerio de Desarrollo Social\u00a0transfiere fondos a un organismo gubernamental o no gubernamental, quien ejecuta un proyecto a nivel local.<\/p>\n<p>Finalmente, habr\u00e1 una modalidad \u00abmixta, que importa una combinaci\u00f3n de las anteriores.<\/p>\n<p>Se indica adem\u00e1s que los organismos gubernamentales y no gubernamentales \u00abgestores de acciones de seguridad alimentaria con soberan\u00eda alimentaria, a fines de acceder a las prestaciones citadas deber\u00e1n formular y presentar una solicitud ante la Direcci\u00f3n Nacional de Seguridad Alimentaria.<\/p>\n<p>Entre los fundamentos de la resoluci\u00f3n, se afirma que,\u00a0ante la inseguridad alimentaria en que se encuentra gran parte de la poblaci\u00f3n, se requiere que el abordaje estatal facilite acciones y capacitaciones orientadas a mejorar la seguridad alimentaria\u00bb.<\/p>\n<p>Tambi\u00e9n se apunta que es necesario\u00a0\u00abfacilitar el acceso a los alimentos, con soberan\u00eda, y prevenir el deterioro de la situaci\u00f3n de salud de la poblaci\u00f3n, asociado con la emergencia alimentaria\u00bb.<\/p>\n<h6>Fuente: telam<\/h6>\n","protected":false},"excerpt":{"rendered":"<p>El Programa \u00abAlimentar Saberes\u00bb tiene como objetivo facilitar el acceso a los alimentos, con soberan\u00eda, y prevenir el deterioro de la situaci\u00f3n de salud de la poblaci\u00f3n, asociado con la emergencia alimentaria<\/p>\n","protected":false},"author":2,"featured_media":108375,"comment_status":"closed","ping_status":"closed","sticky":false,"template":"","format":"standard","meta":{"footnotes":""},"categories":[8],"tags":[21],"class_list":["post-108374","post","type-post","status-publish","format-standard","has-post-thumbnail","hentry","category-informe-nacional","tag-argentina"],"_links":{"self":[{"href":"http:\/\/argentinamunicipal.com.ar\/argentina\/wp-json\/wp\/v2\/posts\/108374","targetHints":{"allow":["GET"]}}],"collection":[{"href":"http:\/\/argentinamunicipal.com.ar\/argentina\/wp-json\/wp\/v2\/posts"}],"about":[{"href":"http:\/\/argentinamunicipal.com.ar\/argentina\/wp-json\/wp\/v2\/types\/post"}],"author":[{"embeddable":true,"href":"http:\/\/argentinamunicipal.com.ar\/argentina\/wp-json\/wp\/v2\/users\/2"}],"replies":[{"embeddable":true,"href":"http:\/\/argentinamunicipal.com.ar\/argentina\/wp-json\/wp\/v2\/comments?post=108374"}],"version-history":[{"count":0,"href":"http:\/\/argentinamunicipal.com.ar\/argentina\/wp-json\/wp\/v2\/posts\/108374\/revisions"}],"wp:featuredmedia":[{"embeddable":true,"href":"http:\/\/argentinamunicipal.com.ar\/argentina\/wp-json\/wp\/v2\/media\/108375"}],"wp:attachment":[{"href":"http:\/\/argentinamunicipal.com.ar\/argentina\/wp-json\/wp\/v2\/media?parent=108374"}],"wp:term":[{"taxonomy":"category","embeddable":true,"href":"http:\/\/argentinamunicipal.com.ar\/argentina\/wp-json\/wp\/v2\/categories?post=108374"},{"taxonomy":"post_tag","embeddable":true,"href":"http:\/\/argentinamunicipal.com.ar\/argentina\/wp-json\/wp\/v2\/tags?post=108374"}],"curies":[{"name":"wp","href":"https:\/\/api.w.org\/{rel}","templated":true}]}}