{"id":108384,"date":"2020-10-23T05:39:02","date_gmt":"2020-10-23T08:39:02","guid":{"rendered":"http:\/\/argentinamunicipal.com.ar\/argentina\/?p=108384"},"modified":"2020-10-22T13:40:53","modified_gmt":"2020-10-22T16:40:53","slug":"la-municipalidad-de-concordia-avanza-en-la-creacion-de-la-direccion-de-cooperativas","status":"publish","type":"post","link":"http:\/\/argentinamunicipal.com.ar\/argentina\/la-municipalidad-de-concordia-avanza-en-la-creacion-de-la-direccion-de-cooperativas\/","title":{"rendered":"La Municipalidad de Concordia avanza en la creaci\u00f3n de la Direcci\u00f3n de Cooperativas"},"content":{"rendered":"<p>El intendente de Concordia, Alfredo Francolini, mantuvo un encuentro de trabajo y planificaci\u00f3n con representantes del cooperativismo, en la que se avanz\u00f3 en la conformaci\u00f3n de la Direcci\u00f3n de Cooperativas, recientemente aprobada por el Concejo Deliberante y que funcionar\u00e1 en el \u00e1mbito de la Secretar\u00eda de Coordinaci\u00f3n de Gesti\u00f3n<\/p>\n<p>Junto al secretario de Coordinaci\u00f3n de Gesti\u00f3n Fernando Barboza, Francolini se reuni\u00f3 con integrantes del Colegio de Graduados en Cooperativismo de la Argentina, de la Comisi\u00f3n de Asociados del Banco Credicoop y de la Red de Cooperativas de Concordia.<\/p>\n<p>\u00abCelebramos la creaci\u00f3n de esta Direcci\u00f3n dentro del Municipio, porque es muy importante para la difusi\u00f3n, la formaci\u00f3n, la capacitaci\u00f3n y el asesoramiento del mundo cooperativismo\u00bb, expres\u00f3 Amalia L\u00f3pez, representante provincial del Colegio de Graduados en Cooperativismo y Mutualismo de Argentina.<\/p>\n<p>Concordia \u00abtiene una gran cantidad de cooperativas en distintos rubros, algunas m\u00e1s grandes y otras m\u00e1s chicas. Y es importante que desde el Municipio se cree un \u00e1rea espec\u00edfica para trabajar en forma articulada con todas ellas, pero adem\u00e1s promover la formaci\u00f3n de nuevas cooperativas, de acuerdo a las necesidades que se planteen\u00bb, se\u00f1alaron los participantes durante la reuni\u00f3n.<\/p>\n<p>\u00abLas cooperativas son empresas que brindan distintos bienes y servicios, y necesitan de pol\u00edticas p\u00fablicas para su desarrollo. Por eso es muy importante la decisi\u00f3n del Intendente Francolini y de su equipo de poner en marcha estas pol\u00edticas que son beneficiosas para toda la ciudad\u00bb, asegur\u00f3 L\u00f3pez, del CGCyM. \u00abEl cooperativismo es una actitud de vida, y es una herramienta v\u00e1lida para sacar a la ciudad adelante\u00bb, subray\u00f3.<\/p>\n<p>\u00abEstamos muy agradecidos de haber podido participar y acompa\u00f1ar en la creaci\u00f3n de la Direcci\u00f3n de Cooperativas, que va a tener como objetivo justamente promover el cooperativismo, muy importante en este momento, porque el cooperativismo viene a dar una respuesta a uno de los sectores m\u00e1s castigados en la actual situaci\u00f3n econ\u00f3mica, como es el de los trabajadores\u00bb, expres\u00f3 por su parte Ang\u00e9lica Vazquez, integrante de la Comisi\u00f3n de Asociados del Banco Credicoop.<\/p>\n<p>Respecto a algunas de las acciones en las que se comenzar\u00e1 a trabajar en conjunto en lo inmediato, la especialista coment\u00f3 que \u00abhemos propuesto realizar junto con el Municipio y la Red de Cooperativas, una campa\u00f1a de Compre Local &#8211; Compre Cooperativo. Hoy tenemos funcionando en la ciudad muchas cooperativas de distintos rubros, y es importante poder contar con el apoyo del Intendente y del Municipio, para que se conozcan los productos y servicios. Hay cooperativas de alimentos, de salud, de reciclaje, entre muchas otras. Es muy bueno que toda la poblaci\u00f3n conozca sobre ellas\u00bb, dijo V\u00e1zquez.<\/p>\n<p>\u00abEstamos atravesando una situaci\u00f3n muy compleja en lo econ\u00f3mico a nivel nacional. Por eso es importante el compromiso y el esfuerzo de todos para sacar adelante a nuestra ciudad. Esa es la decisi\u00f3n del Intendente, y estamos trabajando generando canales de contacto directo con las distintas instituciones, para que cada uno pueda aportar sus ideas y sus propuestas, y definir en conjunto las pol\u00edticas m\u00e1s convenientes para nuestra ciudad\u00bb, sostuvo por su parte el secretario de Coordinaci\u00f3n de Gesti\u00f3, Fernando Barboza, quien agradeci\u00f3 el acompa\u00f1amiento del sector.<\/p>\n<p>Al iniciar el encuentro, Amalia L\u00f3pez hizo entrega al intendente Alfredo Francolini de un ejemplar del libro de la instituci\u00f3n que representa. De la reuni\u00f3n participaron adem\u00e1s Fabi\u00e1n Velazco, de la Unidad de Proyectos Estrat\u00e9gicos de la Municipalidad, y en representaci\u00f3n de la Red de Cooperativas de Concordia, Liliana Fereyra de Cooperativa Vuelta Cambota, Mar\u00eda de los \u00c1ngeles Acosta de Cooperativa La Coopetrapo y Jos\u00e9 Mar\u00eda Gonz\u00e1lez de Cooperativa Corner.<\/p>\n<h6>Fuente: APFDigital)<\/h6>\n","protected":false},"excerpt":{"rendered":"<p>El intendente de Concordia, Alfredo Francolini, mantuvo un encuentro de trabajo y planificaci\u00f3n con representantes del cooperativismo, en la que se avanz\u00f3 en la conformaci\u00f3n de la Direcci\u00f3n de Cooperativas, recientemente aprobada por el Concejo Deliberante y que funcionar\u00e1 en el \u00e1mbito de la Secretar\u00eda de Coordinaci\u00f3n de Gesti\u00f3n<\/p>\n","protected":false},"author":2,"featured_media":108385,"comment_status":"closed","ping_status":"closed","sticky":false,"template":"","format":"standard","meta":{"footnotes":""},"categories":[2],"tags":[17],"class_list":["post-108384","post","type-post","status-publish","format-standard","has-post-thumbnail","hentry","category-informe-municipal","tag-entre-rios"],"_links":{"self":[{"href":"http:\/\/argentinamunicipal.com.ar\/argentina\/wp-json\/wp\/v2\/posts\/108384","targetHints":{"allow":["GET"]}}],"collection":[{"href":"http:\/\/argentinamunicipal.com.ar\/argentina\/wp-json\/wp\/v2\/posts"}],"about":[{"href":"http:\/\/argentinamunicipal.com.ar\/argentina\/wp-json\/wp\/v2\/types\/post"}],"author":[{"embeddable":true,"href":"http:\/\/argentinamunicipal.com.ar\/argentina\/wp-json\/wp\/v2\/users\/2"}],"replies":[{"embeddable":true,"href":"http:\/\/argentinamunicipal.com.ar\/argentina\/wp-json\/wp\/v2\/comments?post=108384"}],"version-history":[{"count":0,"href":"http:\/\/argentinamunicipal.com.ar\/argentina\/wp-json\/wp\/v2\/posts\/108384\/revisions"}],"wp:featuredmedia":[{"embeddable":true,"href":"http:\/\/argentinamunicipal.com.ar\/argentina\/wp-json\/wp\/v2\/media\/108385"}],"wp:attachment":[{"href":"http:\/\/argentinamunicipal.com.ar\/argentina\/wp-json\/wp\/v2\/media?parent=108384"}],"wp:term":[{"taxonomy":"category","embeddable":true,"href":"http:\/\/argentinamunicipal.com.ar\/argentina\/wp-json\/wp\/v2\/categories?post=108384"},{"taxonomy":"post_tag","embeddable":true,"href":"http:\/\/argentinamunicipal.com.ar\/argentina\/wp-json\/wp\/v2\/tags?post=108384"}],"curies":[{"name":"wp","href":"https:\/\/api.w.org\/{rel}","templated":true}]}}