{"id":108387,"date":"2020-10-22T14:02:03","date_gmt":"2020-10-22T17:02:03","guid":{"rendered":"http:\/\/argentinamunicipal.com.ar\/argentina\/?p=108387"},"modified":"2020-10-22T14:02:03","modified_gmt":"2020-10-22T17:02:03","slug":"a-16-anos-de-la-ley-la-busqueda-de-hijos-de-desaparecidos-no-se-detiene","status":"publish","type":"post","link":"http:\/\/argentinamunicipal.com.ar\/argentina\/a-16-anos-de-la-ley-la-busqueda-de-hijos-de-desaparecidos-no-se-detiene\/","title":{"rendered":"A 16 a\u00f1os de la ley, la b\u00fasqueda de hijos de desaparecidos no se detiene"},"content":{"rendered":"<p>De norte a sur del pa\u00eds, nietos recuperados y referentes de organizaciones de derechos humanos conmemoran el D\u00eda Nacional del Derecho a la Identidad, instaurado en el 2004, con la sanci\u00f3n de la Ley 26.001.<\/p>\n<p>Nietos recuperados y dirigentes de organizaciones de derechos humanos de varias provincias recordaron que a 16 a\u00f1os de la sanci\u00f3n de la Ley 26.001, que fij\u00f3 el 22 de octubre como el D\u00eda Nacional del Derecho a la Identidad para conmemorar la lucha de las Abuelas de Plaza de Mayo para restituir a ni\u00f1os secuestrados durante la dictadura militar, \u00abla b\u00fasqueda sigue intacta\u00bb.<\/p>\n<p>Las distintas agrupaciones que integran la Red por el Derecho a la Identidad\u00a0mantienen activa la b\u00fasqueda de al menos 300 personas nacidas durante los a\u00f1os de la dictadura\u00a0y reciben a diario consultas de todo el pa\u00eds que comparten entre sus filiales para ayudar a los interesados en acceder a la justicia y conocer la verdad sobre su origen, seg\u00fan el reporte de las corresponsal\u00edas de T\u00e9lam.<\/p>\n<p>Bah\u00eda Blanca<\/p>\n<p>En esta ciudad bonaerense, Roc\u00edo Galindo, integrante de la Red por el Derecho a la Identidad local, explic\u00f3 que tienen \u00abdos objetivos centrales; la recepci\u00f3n de las consultas y entrevistas de la gente de la zona, de quienes dudan de su identidad y la difusi\u00f3n de las campa\u00f1as de Abuelas\u00bb<\/p>\n<p>Galindo dijo a T\u00e9lam que en Bah\u00eda\u00a0\u00abtenemos 2 casos de ni\u00f1os que fueron expropiados en el centro clandestino de detenci\u00f3n La Escuelita, que son Graciela Romero y Graciela Izurrieta, por lo que es fuerte la apuesta por difundir lo que tiene que ver con \u00e9stos casos y con los delitos de lesa humanidad y la difusi\u00f3n de la realizaci\u00f3n de los juicios y las sentencias\u00bb.<\/p>\n<p>Asimismo, indic\u00f3 que junto a la agrupaci\u00f3n HIJOS local desde hace unos meses \u00abtenemos un programa en Radio Nacional de Bah\u00eda y sostenemos la idea que siempre dicen las Abuelas que\u00a0mientras haya un argentino o argentina con una identidad falseada, hay algo de toda nuestra trama social que est\u00e1 rota\u00a0y es la apuesta a convocar a los que tienen dudas a consultar y acercarse\u00bb.<\/p>\n<p>Mar del Plata<\/p>\n<p>Fabian Mu\u00f1oz, integrante de Abuelas de Plaza de Mayo de esta ciudad, sostuvo que \u00abesta fecha representa la s\u00edntesis de la continuidad no solo de la b\u00fasqueda sino de\u00a0la reivindicaci\u00f3n de la misma que comenzaron las Abuelas hace 43 a\u00f1os\u00a0y hoy la continuidad se ve reflejada en los nietos recuperados que est\u00e1n en la estructura de Abuelas que est\u00e1n tomando el mando de la Instituci\u00f3n con el mismo perfil de trabajo que ellas\u00bb.<\/p>\n<p>Mu\u00f1oz expres\u00f3 que \u00abel mensaje hoy es para los j\u00f3venes, que son los que heredan la duda. A\u00fan quedan 300 nietos para recuperar con identidades apropiadas, ya\u00a0no es un tema de 300 familias sino de toda una sociedad\u00a0que tiene una herida abierta con cada uno de los nietos apropiados por gobiernos militares\u00bb.<\/p>\n<p>\u00abSi bien se est\u00e1 dando un intercambio generacional extraordinario, la b\u00fasqueda por la identidad sigue intacta\u00bb, expres\u00f3 Mu\u00f1oz, quien tiene a su hermana Silvia desaparecida en La Plata en diciembre de 1976.<\/p>\n<p>Tambi\u00e9n destac\u00f3 que firmaron un acuerdo con la Secretar\u00edo de Derechos Humanos de la Naci\u00f3n \u00abmuy importante y significativo para\u00a0la preservaci\u00f3n, mejoramiento y digitalizaci\u00f3n de los archivos, as\u00ed obtenemos todo el apoyo que se necesita por parte del Estado y se le da un marco institucional a la preservaci\u00f3n de los archivos\u00bb.<\/p>\n<p>C\u00f3rdoba<\/p>\n<p>Desde 2008 se realizaron en la provincia 12 juicios por delitos de lesa humanidad y en esos procesos \u00absurgieron datos importantes y esperanzadores para la b\u00fasqueda de los nietos y nietas de los muchos que a\u00fan nos faltan encontrar\u00bb, dijo a T\u00e9lam\u00a0Marit\u00e9 S\u00e1nchez, abogada querellante en las causas judiciales,\u00a0en particular de Abuelas de Plaza de Mayo locales.<\/p>\n<p>S\u00e1nchez agreg\u00f3 que es \u00abmuy zigzagueante el camino de lucha por los derechos humanos\u00bb y destac\u00f3\u00a0\u00ablas enormes contribuciones de los presidentes Ra\u00fal Alfons\u00edn, por la Conadep y el juicio a las Juntas;\u00a0de N\u00e9stor Kirchner y Cristina Fern\u00e1ndez\u00a0por la \u00abimplementaci\u00f3n de una amplia pol\u00edtica en Derechos Humanos, como la visibilizaci\u00f3n y la ayuda en la b\u00fasqueda a las Abuelas\u00bb.<\/p>\n<p>\u00abLamentablemente en los 4 a\u00f1os de gesti\u00f3n del macrismo hubo un enorme retroceso\u00a0en materia de Derechos Humanos, a tal punto que ni siquiera quiso recibir a las Abuelas\u00bb, reproch\u00f3 y resalt\u00f3 \u00abla enorme fortaleza\u00bb de\u00a0Sonia Torres, presidenta de Abuelas en C\u00f3rdoba, por mantener estos 43 a\u00f1os de lucha en\u00a0la b\u00fasqueda de su nieto sustra\u00eddo\u00a0de su hija Silvina M\u00f3nica Parodi (20) y de su yerno Daniel Orozco (23), ambos secuestrados y desaparecidos luego del golpe de Estado en 1976. Ella estaba embarazada de 6 meses.<\/p>\n<p>Chaco<\/p>\n<p>Guillermo Amarilla Molfino\u00a0record\u00f3 que fue restituido a sus familiares por Abuelas en 2009 y afirm\u00f3 que \u00abfue el inicio del camino a la recuperaci\u00f3n\u00bb de su identidad tras vivir con una familia que lo apropi\u00f3 durante la dictadura militar.<\/p>\n<p>Hoy, a sus 40 a\u00f1os,\u00a0el nieto recuperado n\u00famero 98 asegura que transita el camino hacia \u00abuna vida \u00edntegra\u00bb. Sus padres dos militantes pol\u00edticos chaque\u00f1os, Guillermo Amarilla y Marcela Molfino, fueron apresados ilegalmente y luego engrosaron la lista de desaparecidos tras su ingreso al pa\u00eds durante 1979.<\/p>\n<p>Amarilla Molfino dijo a T\u00e9lam que el de la Identidad es un tema que \u00abva m\u00e1s all\u00e1 de la realizaci\u00f3n de la prueba del ADN\u00bb y que solo \u00abes una herramienta de base para construir nuestra verdadera identidad que fue sustra\u00edda por el gobierno dictatorial de los a\u00f1os&#8217;70\u00bb.<\/p>\n<p>\u00abCuando uno tiene la verdad tras un largo camino por la lucha por la memoria, verdad y justicia que emprendieron las Abuelas, uno puede empezar a construir otras experiencias con otras im\u00e1genes que apuntan a la identidad, una palabra que tiene una gran significancia\u00bb, acot\u00f3 y destac\u00f3 que\u00a0\u00abes un derecho que se universaliz\u00f3 a partir del logro de las Abuelas\u00a0de poder hacer aportes a la Convenci\u00f3n Internacional de los Ni\u00f1os\u00bb.<\/p>\n<p>\u00abEl cambio del nombre (de un nieto recuperado) es un gran paso a la identidad, se puede dar o no. Est\u00e1 en nuestra voluntad, en mi caso hubo cambios de nombres pero llev\u00f3 un tiempo\u00bb, dijo Amarilla Molfino y agreg\u00f3 que \u00abno fue un tema sencillo\u00bb y que \u00abtard\u00f3 en tomar esa decisi\u00f3n aunque\u00a0por ley, es obligatorio el cambio de apellido\u00bb dado que restituye la identidad con la de sus padres.<\/p>\n<p>Tucum\u00e1n<\/p>\n<p>En esta provincia,\u00a0donde fueron recuperadas las identidades de cuatro personas,\u00a0la referente de Hijos Carolina Frangoulis\u00a0afirm\u00f3 que \u00abla Red por el Derecho a la Identidad funciona ac\u00e1 hace 15 a\u00f1os y est\u00e1 integrada por H.I.J.O.S Tucum\u00e1n y la APDH (Asamblea Permanente por los Derechos Humanos)\u00bb donde reciben \u00abpresentaciones espont\u00e1neas, cuando una persona duda de su identidad\u00bb.<\/p>\n<p>\u00abPrimero se corrobora si naci\u00f3 dentro de las fechas en las que buscamos a los nietos o en nuestro caso hermanos y luego se hace una entrevista en las que nos cuentan cuestiones puntuales, que tienen que ver con los padres adoptivos, cu\u00e1les son sus sospechas y dem\u00e1s\u00bb, a\u00f1adi\u00f3.<\/p>\n<p>Frangoulis apunt\u00f3 que \u00abello\u00a0nos permite ir armando un peque\u00f1o rompecabezas.\u00a0Siempre tenemos en cuenta que acercarse por dudas con respecto a la identidad cuesta much\u00edsimo. No saber qui\u00e9n es uno, es una situaci\u00f3n muy complicada por ello siempre tratamos de contener a quienes nos contactan\u00bb.<\/p>\n<p>\u00abEn Argentina buscamos 300 nietos pero entre 1975 y 1982, nacieron 4 millones (de personas en todo el pa\u00eds), por eso es un trabajo de hormiga que a veces se torna cuesta arriba\u00bb, agreg\u00f3.<\/p>\n<p>Y, precis\u00f3 que\u00a0en Tucum\u00e1n, \u00abbuscamos m\u00e1s de 20 j\u00f3venes adultos\u00a0que nacieron entre esas fechas cuyas identidades no fueron restituidas y corresponden a mujeres embarazadas secuestradas\u00bb.<\/p>\n<p>Mendoza<\/p>\n<p>Claudia Dom\u00ednguez Castro, la nieta restituida 117,\u00a0sostiene que\u00bbtodo ser humano tiene derecho a saber cu\u00e1l es su verdad o cu\u00e1l es la relaci\u00f3n familiar biol\u00f3gica que lo trajo a este mundo. Puede llegar a ser dolorosa, tr\u00e1gica o muy distinta a lo que se pretende como adulto porque de esa verdad, cada vida se torna con un particularidad que nos hace \u00fanicos, distintos e importantes\u00bb.<\/p>\n<p>\u00abEn nuestro caso, este derecho fue vulnerado, esa verdad est\u00e1 en alg\u00fan rinc\u00f3n de nosotros y se manifiesta de manera distinta\u00bb, a\u00f1adi\u00f3Dom\u00ednguez Castroen di\u00e1logo con T\u00e9lam y remarc\u00f3 que \u00abmuchos necesitamos preguntarnos y repreguntarnos o tuvimos que encontrar incoherencias en relatos e historias para poder permitirnos buscar\u00bb.<\/p>\n<p>Santa Cruz<\/p>\n<p>La secretaria de Derechos Humanos Nadia Astrada, se\u00f1al\u00f3 que Santa\u00baCruz \u00abfue la primera provincia que firm\u00f3 un convenio con la Asociaci\u00f3n de Abuelas de Plaza de Mayo, hay nodo de Abuelas y han venido en varias oportunidades representantes de Conadi a tomar muestras con el correspondiente resguardo de identidad\u00bb.<\/p>\n<p>Astrada dijo a T\u00e9lam que la Secretar\u00eda\u00a0recibi\u00f3 entre 8 o 9 casos el \u00faltimo a\u00f1o\u00a0que iniciaron legajo y que representantes de la Comisi\u00f3n Nacional por el Derecho a la Identidad visitaron R\u00edo Gallegos y El Calafate pero este a\u00f1o por \u00abla emergencia sanitaria no se hizo la actividad\u00bb.<\/p>\n<h6>Fuente: Telam<\/h6>\n","protected":false},"excerpt":{"rendered":"<p>De norte a sur del pa\u00eds, nietos recuperados y referentes de organizaciones de derechos humanos conmemoran el D\u00eda Nacional del Derecho a la Identidad, instaurado en el 2004, con la sanci\u00f3n de la Ley 26.001.<\/p>\n","protected":false},"author":2,"featured_media":108388,"comment_status":"closed","ping_status":"closed","sticky":false,"template":"","format":"standard","meta":{"footnotes":""},"categories":[8],"tags":[21],"class_list":["post-108387","post","type-post","status-publish","format-standard","has-post-thumbnail","hentry","category-informe-nacional","tag-argentina"],"_links":{"self":[{"href":"http:\/\/argentinamunicipal.com.ar\/argentina\/wp-json\/wp\/v2\/posts\/108387","targetHints":{"allow":["GET"]}}],"collection":[{"href":"http:\/\/argentinamunicipal.com.ar\/argentina\/wp-json\/wp\/v2\/posts"}],"about":[{"href":"http:\/\/argentinamunicipal.com.ar\/argentina\/wp-json\/wp\/v2\/types\/post"}],"author":[{"embeddable":true,"href":"http:\/\/argentinamunicipal.com.ar\/argentina\/wp-json\/wp\/v2\/users\/2"}],"replies":[{"embeddable":true,"href":"http:\/\/argentinamunicipal.com.ar\/argentina\/wp-json\/wp\/v2\/comments?post=108387"}],"version-history":[{"count":0,"href":"http:\/\/argentinamunicipal.com.ar\/argentina\/wp-json\/wp\/v2\/posts\/108387\/revisions"}],"wp:featuredmedia":[{"embeddable":true,"href":"http:\/\/argentinamunicipal.com.ar\/argentina\/wp-json\/wp\/v2\/media\/108388"}],"wp:attachment":[{"href":"http:\/\/argentinamunicipal.com.ar\/argentina\/wp-json\/wp\/v2\/media?parent=108387"}],"wp:term":[{"taxonomy":"category","embeddable":true,"href":"http:\/\/argentinamunicipal.com.ar\/argentina\/wp-json\/wp\/v2\/categories?post=108387"},{"taxonomy":"post_tag","embeddable":true,"href":"http:\/\/argentinamunicipal.com.ar\/argentina\/wp-json\/wp\/v2\/tags?post=108387"}],"curies":[{"name":"wp","href":"https:\/\/api.w.org\/{rel}","templated":true}]}}