{"id":108393,"date":"2020-10-23T05:30:48","date_gmt":"2020-10-23T08:30:48","guid":{"rendered":"http:\/\/argentinamunicipal.com.ar\/argentina\/?p=108393"},"modified":"2020-10-22T18:33:10","modified_gmt":"2020-10-22T21:33:10","slug":"la-semana-que-viene-se-reanuda-el-paro-de-los-trabajadores-municipales-de-punta-alta","status":"publish","type":"post","link":"http:\/\/argentinamunicipal.com.ar\/argentina\/la-semana-que-viene-se-reanuda-el-paro-de-los-trabajadores-municipales-de-punta-alta\/","title":{"rendered":"La semana que viene se reanuda el paro de los trabajadores municipales de Punta Alta"},"content":{"rendered":"<p>Los dos gremios, STM y ATE, promueven las medidas por 72 y 48 horas.<\/p>\n<p>Los gremios que nuclean a los agentes de la comuna no aceptaron la oferta del Departamento Ejecutivo para regularizar el pago de las bonificaciones y determinaron medidas de fuerza para la semana entrante.<\/p>\n<p>El Sindicato de Trabajadores Municipales, que representa a la mayor\u00eda de los empleados, dispuso un paro por 72 horas, desde las 6 del lunes 26 y hasta las 6 del jueves 29, mientras que la Asociaci\u00f3n Trabajadores del Estado propuso un cese de actividades por 48 horas para los d\u00edas lunes 26 y martes 27.<\/p>\n<p>No habr\u00e1 recolecci\u00f3n de residuos ni atenci\u00f3n en las oficinas y otras dependencias municipales. S\u00ed, se garantizar\u00e1n las guardias m\u00ednimas.<\/p>\n<p>\u00abEl Sindicato de Trabajadores Municipales de Coronel Rosales ha resuelto rechazar el ofrecimiento del DE por considerarlo insuficiente, ya que se extiende considerablemente a lo largo del a\u00f1o venidero y la soluci\u00f3n de este conflicto amerita un corte definitivo y cercano en el tiempo, teniendo en cuenta que han pasado cinco a\u00f1os desde la puesta en vigencia del Convenio Colectivo sin encontrar hasta el momento una respuesta favorable al justo reclamo\u00bb, dice el comunicado del STM que lleva las firmas de Marcelo Sottile (secretario general) y Ra\u00fal Almada (secretario de prensa).<\/p>\n<p>\u00abSabemos que la medida puede resultar molesta para nuestros vecinos, pero la falta de acuerdo no deja otro camino que la medida de acci\u00f3n directa\u00bb, se agrega en la nota.<\/p>\n<p>En tanto desde ATE se indic\u00f3 que la medida fue adoptada en asamblea de los trabajadores \u00abal no estar de acuerdo con las propuestas de las bonificaciones remitidas por el Ejecutivo Municipal\u00bb.<\/p>\n<h6>Fuente: La NUeva<\/h6>\n","protected":false},"excerpt":{"rendered":"<p>Los dos gremios, STM y ATE, promueven las medidas por 72 y 48 horas.<\/p>\n","protected":false},"author":2,"featured_media":108394,"comment_status":"closed","ping_status":"closed","sticky":false,"template":"","format":"standard","meta":{"footnotes":""},"categories":[7],"tags":[12],"class_list":["post-108393","post","type-post","status-publish","format-standard","has-post-thumbnail","hentry","category-informe-sindical","tag-buenos-aires"],"_links":{"self":[{"href":"http:\/\/argentinamunicipal.com.ar\/argentina\/wp-json\/wp\/v2\/posts\/108393","targetHints":{"allow":["GET"]}}],"collection":[{"href":"http:\/\/argentinamunicipal.com.ar\/argentina\/wp-json\/wp\/v2\/posts"}],"about":[{"href":"http:\/\/argentinamunicipal.com.ar\/argentina\/wp-json\/wp\/v2\/types\/post"}],"author":[{"embeddable":true,"href":"http:\/\/argentinamunicipal.com.ar\/argentina\/wp-json\/wp\/v2\/users\/2"}],"replies":[{"embeddable":true,"href":"http:\/\/argentinamunicipal.com.ar\/argentina\/wp-json\/wp\/v2\/comments?post=108393"}],"version-history":[{"count":0,"href":"http:\/\/argentinamunicipal.com.ar\/argentina\/wp-json\/wp\/v2\/posts\/108393\/revisions"}],"wp:featuredmedia":[{"embeddable":true,"href":"http:\/\/argentinamunicipal.com.ar\/argentina\/wp-json\/wp\/v2\/media\/108394"}],"wp:attachment":[{"href":"http:\/\/argentinamunicipal.com.ar\/argentina\/wp-json\/wp\/v2\/media?parent=108393"}],"wp:term":[{"taxonomy":"category","embeddable":true,"href":"http:\/\/argentinamunicipal.com.ar\/argentina\/wp-json\/wp\/v2\/categories?post=108393"},{"taxonomy":"post_tag","embeddable":true,"href":"http:\/\/argentinamunicipal.com.ar\/argentina\/wp-json\/wp\/v2\/tags?post=108393"}],"curies":[{"name":"wp","href":"https:\/\/api.w.org\/{rel}","templated":true}]}}