{"id":108402,"date":"2020-10-23T05:00:26","date_gmt":"2020-10-23T08:00:26","guid":{"rendered":"http:\/\/argentinamunicipal.com.ar\/argentina\/?p=108402"},"modified":"2020-10-22T18:58:01","modified_gmt":"2020-10-22T21:58:01","slug":"procrear-rural-la-propuesta-de-la-ley-de-acceso-a-la-tierra-que-impulsa-la-union-de-trabajadores-de-la-tierra","status":"publish","type":"post","link":"http:\/\/argentinamunicipal.com.ar\/argentina\/procrear-rural-la-propuesta-de-la-ley-de-acceso-a-la-tierra-que-impulsa-la-union-de-trabajadores-de-la-tierra\/","title":{"rendered":"Procrear Rural, la propuesta de la Ley de Acceso a la Tierra que impulsa la Uni\u00f3n de Trabajadores de la Tierra"},"content":{"rendered":"<p>La organizaci\u00f3n presenta una vez m\u00e1s su iniciativa en el Congreso. Esta vez contempla la implementaci\u00f3n de un sistema de pr\u00e9stamos accesibles para que los agricultores familiares pueda tener sus propios terrenos.<\/p>\n<p>La Uni\u00f3n de Trabajadores de la Tierra presentar\u00e1 este jueves en el Congreso el proyecto de Ley de Acceso a la Tierra, que busca crear un Procrear Rural. La iniciativa plantea crear una l\u00ednea de cr\u00e9ditos blandos para que los productores de la agricultura familiar puedan comprar sus lotes.<\/p>\n<p>\u201cEs una ley que venimos impulsando desde hace varios a\u00f1os y esta es la tercera vez que se presenta. Queremos que avance porque va a dar la posibilidad de acceder a tierra y con eso a una vida digna a cientos de familias agricultoras\u201d, se\u00f1al\u00f3 Agust\u00edn Suarez, de la UTT. La presentaci\u00f3n est\u00e1 prevista a partir de las 13.00, en el Sal\u00f3n de los Pasos Perdidos, junto a ministros, diputados y diputadas.<\/p>\n<p>Actualmente m\u00e1s del 80 por ciento de los quinteros alquilan la tierra que siembran, a precios que compiten con los desarrollos inmobiliarios de alta gama, como los countries y clubes de campo. En Argentina, s\u00f3lo el 13 por ciento de la tierra est\u00e1 en manos de peque\u00f1os productores, a pesar de que el sector produce m\u00e1s del 60 de los alimentos que circulan en el mercado interno.<\/p>\n<p>Adem\u00e1s de la l\u00ednea de cr\u00e9ditos, el proyecto de ley dispone que el estado destine parte de las tierras p\u00fablicas ociosas para ser loteadas y vendidas mediante este sistema de cr\u00e9ditos, con el exclusivo fin de que se dediquen a la agricultura familiar. Como contrapartida, obliga a quien obtenga uno de estos cr\u00e9ditos hipotecarios a cumplir con una serie de condiciones, como residir en el predio comprado, trabajarlo en forma personal, con la colaboraci\u00f3n principal de su familia, haciendo de ello su ocupaci\u00f3n personal, reducir progresivamente el uso de agrot\u00f3xicos, mantener indiviso el terreno, no alquilarlo, venderlo ni transferirlo por un per\u00edodo de 20 a\u00f1os.<\/p>\n<p>La Ley de Acceso a la Tierra, fue presentada anteriormente en 2016 y en 2018, y acompa\u00f1ada por decenas de legisladores, entre ellos muchos funcionarios del actual gobierno como el ministro de Agricultura, Luis Basterra; de Desarrollo Social, Daniel Arroyo; el canciller Felipe Sol\u00e1; y el gobernador de la provincia de Buenos Aires, Axel Kicillof.<\/p>\n<p>\u00abEstamos planteando un proyecto de ley que no solo trae beneficios para las familias agricultoras, sino que podr\u00eda ser la respuesta a la crisis alimentaria que hoy vive nuestro pa\u00eds\u201d, asegur\u00f3 Delina Puma Rocabado, referente nacional de la UTT.<\/p>\n<h6>Fuente: P\u00e1gina 12<\/h6>\n","protected":false},"excerpt":{"rendered":"<p>La organizaci\u00f3n presenta una vez m\u00e1s su iniciativa en el Congreso. Esta vez contempla la implementaci\u00f3n de un sistema de pr\u00e9stamos accesibles para que los agricultores familiares pueda tener sus propios terrenos.<\/p>\n","protected":false},"author":2,"featured_media":108403,"comment_status":"closed","ping_status":"closed","sticky":false,"template":"","format":"standard","meta":{"footnotes":""},"categories":[8],"tags":[21],"class_list":["post-108402","post","type-post","status-publish","format-standard","has-post-thumbnail","hentry","category-informe-nacional","tag-argentina"],"_links":{"self":[{"href":"http:\/\/argentinamunicipal.com.ar\/argentina\/wp-json\/wp\/v2\/posts\/108402","targetHints":{"allow":["GET"]}}],"collection":[{"href":"http:\/\/argentinamunicipal.com.ar\/argentina\/wp-json\/wp\/v2\/posts"}],"about":[{"href":"http:\/\/argentinamunicipal.com.ar\/argentina\/wp-json\/wp\/v2\/types\/post"}],"author":[{"embeddable":true,"href":"http:\/\/argentinamunicipal.com.ar\/argentina\/wp-json\/wp\/v2\/users\/2"}],"replies":[{"embeddable":true,"href":"http:\/\/argentinamunicipal.com.ar\/argentina\/wp-json\/wp\/v2\/comments?post=108402"}],"version-history":[{"count":0,"href":"http:\/\/argentinamunicipal.com.ar\/argentina\/wp-json\/wp\/v2\/posts\/108402\/revisions"}],"wp:featuredmedia":[{"embeddable":true,"href":"http:\/\/argentinamunicipal.com.ar\/argentina\/wp-json\/wp\/v2\/media\/108403"}],"wp:attachment":[{"href":"http:\/\/argentinamunicipal.com.ar\/argentina\/wp-json\/wp\/v2\/media?parent=108402"}],"wp:term":[{"taxonomy":"category","embeddable":true,"href":"http:\/\/argentinamunicipal.com.ar\/argentina\/wp-json\/wp\/v2\/categories?post=108402"},{"taxonomy":"post_tag","embeddable":true,"href":"http:\/\/argentinamunicipal.com.ar\/argentina\/wp-json\/wp\/v2\/tags?post=108402"}],"curies":[{"name":"wp","href":"https:\/\/api.w.org\/{rel}","templated":true}]}}