{"id":108405,"date":"2020-10-23T05:15:28","date_gmt":"2020-10-23T08:15:28","guid":{"rendered":"http:\/\/argentinamunicipal.com.ar\/argentina\/?p=108405"},"modified":"2020-10-22T19:01:11","modified_gmt":"2020-10-22T22:01:11","slug":"el-fmi-busca-respaldar-el-plan-argentino","status":"publish","type":"post","link":"http:\/\/argentinamunicipal.com.ar\/argentina\/el-fmi-busca-respaldar-el-plan-argentino\/","title":{"rendered":"El FMI busca respaldar el plan argentino"},"content":{"rendered":"<p>El director del Departamento del Hemisferio Occidental del Fondo agreg\u00f3 adem\u00e1s que \u201cel equipo t\u00e9cnico del Fondo est\u00e1 trabajando muy de cerca con las autoridades argentinas\u201d.<\/p>\n<p>\u201cEl gobierno argentino est\u00e1 trabajando en el proceso de formulaci\u00f3n de un\u00a0plan integral que pueda ser apoyado por un programa financiero del FMI. La finalidad es apoyar el dise\u00f1o que hagan las autoridades de un programa que encuentre un\u00a0balance apropiado entre seguir apoyando a las familias m\u00e1s necesitadas durante la pandemia y a la recuperaci\u00f3n de la econom\u00eda argentina en los pr\u00f3ximos meses junto al establecimiento de las bases para regresar a la estabilidad macroecon\u00f3mica\u201d, dijo este jueves Alejandro Werner, director del Departamento del Hemisferio Occidental del FMI.<\/p>\n<p>Werner consider\u00f3 que \u201cel equipo t\u00e9cnico del Fondo est\u00e1 trabajando muy de cerca con las autoridades argentinas\u201d y confirm\u00f3 que en noviembre habr\u00e1 una nueva visita al pa\u00eds. Las \u00faltimas reuniones entre los funcionarios del FMI y las autoridades del gobierno nacional tuvieron lugar hace dos semanas en Buenos Aires. En esa ocasi\u00f3n, los representantes del organismo internacional tambi\u00e9n se reunieron con representantes del Congreso, del sector privado, los sindicatos y la sociedad civil \u201cpara discutir los desaf\u00edos multifac\u00e9ticos que enfrenta el pa\u00eds e intercambiar opiniones sobre la mejor manera de abordarlos\u00bb.<\/p>\n<p>El Fondo public\u00f3 la actualizaci\u00f3n de su informe semestral de la econom\u00eda de Am\u00e9rica latina, presentado por Werner. Naturalmente, el eje de la conferencia fue el impacto de la pandemia. \u201cAm\u00e9rica latina apel\u00f3 el confinamiento temprano, cuando los casos totales segu\u00edan siendo bajos. Las medidas fueron estrictas y la movilidad se desplom\u00f3 durante un tiempo. Sin embargo, el confinamiento en Am\u00e9rica latina no fue del todo efectivo y la movilidad comenz\u00f3 a aumentar incluso antes de la relajaci\u00f3n de las restricciones y cuando los nuevos casos y muertes segu\u00edan aumentando. Con eso, el n\u00famero de muertes aument\u00f3 gradualmente, lo que result\u00f3 en un patr\u00f3n de crecimiento lento, en contraste con la r\u00e1pida explosi\u00f3n de infecciones que ocurri\u00f3 en Europa. Factores estructurales, como el alto grado de pobreza e informalidad, la aglomeraci\u00f3n urbana, baja capacidad estatal y falta de recursos fiscales, sistemas de salud d\u00e9biles y falta de pruebas y rastreo han contribuido a agrandar las dificultades y contin\u00faan representando desaf\u00edos para la reapertura\u201d, indica el informe del FMI.<\/p>\n<p>El organismo prev\u00e9 que la\u00a0econom\u00eda argentina caiga este a\u00f1o un 11,8 por ciento, por encima de la baja prevista para Brasil (-5,8 por ciento), Chile (-6 por ciento), Colombia (-8,2), Ecuador (-11 por ciento), Bolivia (-7,9) y Uruguay (-4,5) y mejor que el desempe\u00f1o de Per\u00fa (-13,9). Las perspectivas para 2021 marcan una recuperaci\u00f3n parcial del 4,9 por ciento para la Argentina, en la l\u00ednea de Chile, Uruguay, Ecuador y Colombia, algo mejor que Brasil y peor que Per\u00fa y Bolivia.<\/p>\n<p>La negociaci\u00f3n con Argentina<\/p>\n<p>El gobierno argentino est\u00e1 en plena negociaci\u00f3n con el FMI para conseguir un\u00a0nuevo paquete de financiamiento que permita repagar el megacr\u00e9dito de 44 mil millones de d\u00f3lares\u00a0que apenas permiti\u00f3 estirar la agon\u00eda de los \u00faltimos meses de la econom\u00eda macrista. \u201cEl\u00a0fracaso\u00a0pasado no tiene por qu\u00e9 ser determinante de los resultados futuros. Es importante generar un\u00a0consenso amplio en la sociedad de la necesidad de aplicar estas medidas. Por eso debe ser un programa t\u00e9cnicamente s\u00f3lido y gozar de un apoyo amplio en su implementaci\u00f3n\u201d, dijo Werner.<\/p>\n<p>Si bien \u201cel fracaso pasado no tiene por qu\u00e9 ser determinante\u201d, seg\u00fan Werner, lo cierto es que algunos puntos ya no van a estar en discusi\u00f3n en esta nueva etapa. Por ejemplo,\u00a0la idea del Fondo, sobre la cual coincid\u00edan varios de los referentes econ\u00f3micos del macrismo,\u00a0de que el d\u00f3lar deb\u00eda flotar libremente como si se tratara de cualquier otro mercado, lo cual trajo\u00a0consecuencias nefastas\u00a0para la econom\u00eda, como una serie de corridas cambiarias que dispararon la cotizaci\u00f3n, la inflaci\u00f3n consiguiente y la pauperizaci\u00f3n social.<\/p>\n<p>Sin embargo, no est\u00e1 clara cu\u00e1l ser\u00e1 la postura del Fondo en relaci\u00f3n a temas cl\u00e1sicos de sus recetas de ajuste, como las jubilaciones y la reforma laboral. Werner dijo que \u201cen la medida en que se llegue a una visi\u00f3n com\u00fan sobre este programa que presente el gobierno argentino, en la medida en que sea conducente a la estabilidad y al crecimiento ser\u00e1 apoyado con un programa financiero del Fondo. Debe ser un programa que contin\u00fae apoyando la recuperaci\u00f3n pero al mismo tiempo siente las bases para la sostenibilidad macroecon\u00f3mica\u201d.<\/p>\n<p>Por otro lado, Werner evalu\u00f3 que \u201cArgentina se vio, como todos los pa\u00edses, afectada de manera severa por la pandemia, pero con muchas menos herramientas disponibles para contrarrestar los efectos\u201d. Resalt\u00f3 que \u201chan habido avances como la\u00a0reestructuraci\u00f3n de la deuda privada, es un hito importante\u00a0y es una parte central del futuro programa econ\u00f3mico\u201d. Tambi\u00e9n hizo referencia a las \u201crecientes medidas para tratar de controlar la volatilidad n el mercado cambiario\u201d.<\/p>\n<h6>Fuente: P\u00e1gina 12<\/h6>\n","protected":false},"excerpt":{"rendered":"<p>El director del Departamento del Hemisferio Occidental del Fondo agreg\u00f3 adem\u00e1s que\u00a0\u201cel equipo t\u00e9cnico del Fondo est\u00e1 trabajando muy de cerca con las autoridades argentinas\u201d.<\/p>\n","protected":false},"author":2,"featured_media":108406,"comment_status":"closed","ping_status":"closed","sticky":false,"template":"","format":"standard","meta":{"footnotes":""},"categories":[8],"tags":[21],"class_list":["post-108405","post","type-post","status-publish","format-standard","has-post-thumbnail","hentry","category-informe-nacional","tag-argentina"],"_links":{"self":[{"href":"http:\/\/argentinamunicipal.com.ar\/argentina\/wp-json\/wp\/v2\/posts\/108405","targetHints":{"allow":["GET"]}}],"collection":[{"href":"http:\/\/argentinamunicipal.com.ar\/argentina\/wp-json\/wp\/v2\/posts"}],"about":[{"href":"http:\/\/argentinamunicipal.com.ar\/argentina\/wp-json\/wp\/v2\/types\/post"}],"author":[{"embeddable":true,"href":"http:\/\/argentinamunicipal.com.ar\/argentina\/wp-json\/wp\/v2\/users\/2"}],"replies":[{"embeddable":true,"href":"http:\/\/argentinamunicipal.com.ar\/argentina\/wp-json\/wp\/v2\/comments?post=108405"}],"version-history":[{"count":0,"href":"http:\/\/argentinamunicipal.com.ar\/argentina\/wp-json\/wp\/v2\/posts\/108405\/revisions"}],"wp:featuredmedia":[{"embeddable":true,"href":"http:\/\/argentinamunicipal.com.ar\/argentina\/wp-json\/wp\/v2\/media\/108406"}],"wp:attachment":[{"href":"http:\/\/argentinamunicipal.com.ar\/argentina\/wp-json\/wp\/v2\/media?parent=108405"}],"wp:term":[{"taxonomy":"category","embeddable":true,"href":"http:\/\/argentinamunicipal.com.ar\/argentina\/wp-json\/wp\/v2\/categories?post=108405"},{"taxonomy":"post_tag","embeddable":true,"href":"http:\/\/argentinamunicipal.com.ar\/argentina\/wp-json\/wp\/v2\/tags?post=108405"}],"curies":[{"name":"wp","href":"https:\/\/api.w.org\/{rel}","templated":true}]}}