{"id":108408,"date":"2020-10-23T05:02:38","date_gmt":"2020-10-23T08:02:38","guid":{"rendered":"http:\/\/argentinamunicipal.com.ar\/argentina\/?p=108408"},"modified":"2020-10-22T19:09:49","modified_gmt":"2020-10-22T22:09:49","slug":"ciudad-de-buenos-aires-una-familia-que-alquila-necesita-mas-de-64-mil-pesos-para-no-ser-pobre","status":"publish","type":"post","link":"http:\/\/argentinamunicipal.com.ar\/argentina\/ciudad-de-buenos-aires-una-familia-que-alquila-necesita-mas-de-64-mil-pesos-para-no-ser-pobre\/","title":{"rendered":"Ciudad de Buenos Aires: una familia que alquila necesita m\u00e1s de $64 mil pesos para no ser pobre"},"content":{"rendered":"<p>La Canasta B\u00e1sica Total (CBT), conformada por alimentos y art\u00edculos de primera necesidad, registr\u00f3 en septiembre una suba del 3,2% seg\u00fan un relevamiento del gobierno porte\u00f1o.<\/p>\n<p>Una familia inquilina en la Ciudad de Buenos Aires necesita ingresos superiores a $ 64.061\u00a0para no ser pobre, seg\u00fan un informe publicado este jueves por la Direcci\u00f3n de Estad\u00edstica porte\u00f1a.<\/p>\n<p>El valor se descompone en $ 47.169 en gastos de alimentos y generales, m\u00e1s $ 16.892 de alquiler de 2 ambientes modestos en un PH sin expensas. La canasta alimentaria aument\u00f3 3,2% frente a agosto 41,2% contra septiembre de 2019.<\/p>\n<p>Estas cifras difieren con los datos informados por el INDEC para Capital y el Gran Buenos Aires. La explicaci\u00f3n es que, al calcular el valor de la canasta, el INDEC considera como gasto de alquiler el promedio entre los que pagan los inquilinos y los propietarios de la vivienda que, por definici\u00f3n, no abonan alquiler. Eso arroj\u00f3 para septiembre un valor de $ 47.217,95.<\/p>\n<p>La Direcci\u00f3n porte\u00f1a calcula el valor de la canasta sin el alquiler \u2013que fue de $ 47.169. Y para los hogares no propietarios, le adiciona el alquiler. De ah\u00ed resultan valores muy diferentes en la canasta de\u00a0pobreza\u00a0que, al compararlos con los ingresos de la poblaci\u00f3n, lleva a fuertes diferencias entre las dos mediciones oficiales de indigencia y pobreza.<\/p>\n<p>Seg\u00fan el informe, en tan solo 5 a\u00f1os, en el inicio de la serie que arranca en el primer semestre de 2015, la \u201cclase media\u201d representaba el 53% de la poblaci\u00f3n porte\u00f1a (1.624.000 habitantes) y en igual per\u00edodo de 2020 se redujo al 45,2% (1.268.000). La diferencia pas\u00f3 a engrosar los sectores pobres que subieron del 16,8% al 28,2% de los poco m\u00e1s de 3 millones de residentes porte\u00f1os.<\/p>\n<p>Lo que sucedi\u00f3 fue que todos los sectores descendieron uno o varios escalones: una parte de los sectores acomodados retrocedieron y se convirtieron en clase media de la que, una parte, descendi\u00f3 a la categor\u00eda de \u201csector vulnerable\u201d y el grueso a vivir en la pobreza.<\/p>\n<p>De acuerdo al Informe sobre Condiciones de Vida de la Direcci\u00f3n porte\u00f1a, todos los sectores se redujeron, \u201clo que implica un empobrecimiento generalizado de la poblaci\u00f3n de la Ciudad\u201d. Y destaca que \u201cla pobreza registra el valor m\u00e1s alto de toda la serie desde 2015. La expansi\u00f3n de la indigencia es la m\u00e1s alta de todos los estratos y su nivel, el mayor de la serie hist\u00f3rica\u201d.<\/p>\n<h6>Fuente: Minuto Uno<\/h6>\n","protected":false},"excerpt":{"rendered":"<p>La Canasta B\u00e1sica Total (CBT), conformada por alimentos y art\u00edculos de primera necesidad, registr\u00f3 en septiembre una suba del 3,2% seg\u00fan un relevamiento del gobierno porte\u00f1o.<\/p>\n","protected":false},"author":2,"featured_media":108409,"comment_status":"closed","ping_status":"closed","sticky":false,"template":"","format":"standard","meta":{"footnotes":""},"categories":[5],"tags":[12],"class_list":["post-108408","post","type-post","status-publish","format-standard","has-post-thumbnail","hentry","category-informe-economico","tag-buenos-aires"],"_links":{"self":[{"href":"http:\/\/argentinamunicipal.com.ar\/argentina\/wp-json\/wp\/v2\/posts\/108408","targetHints":{"allow":["GET"]}}],"collection":[{"href":"http:\/\/argentinamunicipal.com.ar\/argentina\/wp-json\/wp\/v2\/posts"}],"about":[{"href":"http:\/\/argentinamunicipal.com.ar\/argentina\/wp-json\/wp\/v2\/types\/post"}],"author":[{"embeddable":true,"href":"http:\/\/argentinamunicipal.com.ar\/argentina\/wp-json\/wp\/v2\/users\/2"}],"replies":[{"embeddable":true,"href":"http:\/\/argentinamunicipal.com.ar\/argentina\/wp-json\/wp\/v2\/comments?post=108408"}],"version-history":[{"count":0,"href":"http:\/\/argentinamunicipal.com.ar\/argentina\/wp-json\/wp\/v2\/posts\/108408\/revisions"}],"wp:featuredmedia":[{"embeddable":true,"href":"http:\/\/argentinamunicipal.com.ar\/argentina\/wp-json\/wp\/v2\/media\/108409"}],"wp:attachment":[{"href":"http:\/\/argentinamunicipal.com.ar\/argentina\/wp-json\/wp\/v2\/media?parent=108408"}],"wp:term":[{"taxonomy":"category","embeddable":true,"href":"http:\/\/argentinamunicipal.com.ar\/argentina\/wp-json\/wp\/v2\/categories?post=108408"},{"taxonomy":"post_tag","embeddable":true,"href":"http:\/\/argentinamunicipal.com.ar\/argentina\/wp-json\/wp\/v2\/tags?post=108408"}],"curies":[{"name":"wp","href":"https:\/\/api.w.org\/{rel}","templated":true}]}}