{"id":108418,"date":"2020-10-23T06:13:19","date_gmt":"2020-10-23T09:13:19","guid":{"rendered":"http:\/\/argentinamunicipal.com.ar\/argentina\/?p=108418"},"modified":"2020-10-23T06:13:19","modified_gmt":"2020-10-23T09:13:19","slug":"sin-techo-denuncian-que-el-gobierno-porteno-no-cumplio-con-su-responsabilidad-de-proteger-a-un-centenar-de-personas-en-la-pandemia","status":"publish","type":"post","link":"http:\/\/argentinamunicipal.com.ar\/argentina\/sin-techo-denuncian-que-el-gobierno-porteno-no-cumplio-con-su-responsabilidad-de-proteger-a-un-centenar-de-personas-en-la-pandemia\/","title":{"rendered":"Sin techo:\u00a0 denuncian que el Gobierno porte\u00f1o \u00abno cumpli\u00f3 con su responsabilidad\u00bb de proteger a un centenar de personas en la pandemia"},"content":{"rendered":"<p>Desde el inicio del aislamiento, la Asociaci\u00f3n Miguel Bru y la organizaci\u00f3n Ciudad Sin Techo realizaron tres relevamientos entre personas que sobreviven en el bajo autopista de la 25 de Mayo, entre Constituci\u00f3n y Plaza de los Virreyes.<\/p>\n<p>Desde que se decret\u00f3 la cuarentena por la covid-19, en el mes de marzo, el Gobierno porte\u00f1o\u00a0\u201cno cumpli\u00f3 con su responsabilidad de proteger a personas sin techo en la pandemia\u201d. La denuncia fue realizada ante la\u00a0Defensor\u00eda del Pueblo de la Ciudad\u00a0de Buenos Aires por la\u00a0Asociaci\u00f3n Miguel Bru\u00a0y la organizaci\u00f3n\u00a0Ciudad Sin Techo, que realizaron tres relevamientos entre personas que sobreviven en el bajo autopista de la 25 de Mayo, entre Constituci\u00f3n y Plaza de los Virreyes.<\/p>\n<p>El informe presentado ante la Defensor\u00eda, al que tuvo acceso P\u00e1gina\/12, deja una vez m\u00e1s al desnudo \u201cel desamparo de casi cien personas que sobreviven\u201d en condiciones de total precariedad, sin la alimentaci\u00f3n necesaria, salvo los aportes de las organizaciones humanitarias o de vecinos y vecinas que se solidarizan con esa poblaci\u00f3n.<\/p>\n<p>Los resultados de los relevamientos fueron presentados ante la situaci\u00f3n que atraviesan \u201cpersonas que sobreviven en las calles de la Ciudad m\u00e1s rica del pa\u00eds\u201d. Aunque esas personas ya se encontraban antes en situaci\u00f3n de calle su problema \u201cempeor\u00f3 por la falta de atenci\u00f3n\u201d de las autoridades del gobierno de Horacio Rodr\u00edguez Larreta.<\/p>\n<p>Las personas viven bajo la autopista 25 de Mayo, en los ocho kil\u00f3metros que van desde la calle Lima, en Constituci\u00f3n, hasta la calle Manco Capac, cerca de Plaza de los Virreyes.<\/p>\n<p>El\u00a0primer censo se hizo en abril\u00a0y report\u00f3 que \u201chab\u00eda 105 personas debajo de los puentes\u201d. El\u00a0segundo se realiz\u00f3 en junio, cuando el n\u00famero baj\u00f3 a 62, pero en\u00a0el tercero, que se hizo en agosto, la cifra marc\u00f3 \u201cun crecimiento de m\u00e1s del 30 por ciento\u201d, dado que un total de \u201c94 personas dorm\u00edan bajo la autopista\u201d.<\/p>\n<p>Lucas Mac Guire, referente de la Bru, explic\u00f3 que cuando el gobierno nacional decret\u00f3 la cuarentena el 20 de marzo \u201cempezamos a pensar de qu\u00e9 manera continuar nuestro trabajo de asistencia para no dejarlas solas a las personas vulneradas y sobre todo a las que viven en la calle\u201d.<\/p>\n<p>Mac Guire se desempe\u00f1a en la Casa de Cultura y Oficios de la Bru en Parque Patricios, que hizo el relevamiento en conjunto con la organizaci\u00f3n solidaria Ciudad Sin Techo. Adem\u00e1s del an\u00e1lisis cuantitativo, se recab\u00f3 informaci\u00f3n sobre \u201clos datos cualitativos para poder asistir a las personas y visibilizar las carencias en el acceso a la salud y alimentaci\u00f3n\u201d.<\/p>\n<p>Parte de la ayuda fue darles\u00a0informaci\u00f3n sobre el acceso a planes sociales o subsidios\u00a0estatales; as\u00ed como para\u00a0obtener el DNI\u00a0y el\u00a0acceso a un celular y\/o conexi\u00f3n a internet, algo de lo que carecen pr\u00e1cticamente todos.<\/p>\n<p>Los tres relevamientos se hicieron en fines de semana y en las primeras horas de la noche porque \u201ces el momento en el que las personas buscan refugio para dormir, en especial en los meses de fr\u00edo\u201d.<\/p>\n<p>En ese horario, adem\u00e1s,\u00a0las organizaciones distribuyen \u201clos platos de comida caliente, agua o caf\u00e9\u201d, se\u00f1al\u00f3 Claudia Enrich, presidenta de Ciudad Sin Techo. Si bien el drama de los sin techo es un fen\u00f3meno que ocurre no s\u00f3lo en Buenos Aires, sino tambi\u00e9n en los grandes centros urbanos del mundo, la situaci\u00f3n es particularmente grave en la capital argentina.<\/p>\n<p>En ese marco \u201chemos constatado la desidia y el desamparo de las autoridades de la Ciudad\u201d que \u201cno s\u00f3lo continu\u00f3 como antes de la pandemia, sino que empeor\u00f3 en el contexto del aislamiento social preventivo y obligatorio\u201d.<\/p>\n<p>La asistencia que s\u00f3lo dan las organizaciones<br \/>\nLas dos organizaciones reclaman al gobierno de Rodr\u00edguez Larreta que \u201cproporcione la m\u00ednima asistencia como entrega de agua, alimentos, lavandina, alcohol, ba\u00f1os qu\u00edmicos, habilitaci\u00f3n de ba\u00f1os p\u00fablicos existentes en parques y duchas\u201d dado que la ayuda que les llega a los sin techo proviene \u201ceventualmente de ciudadanos\/as y transe\u00fantes\u201d.<\/p>\n<p>Como aporte, la Asociaci\u00f3n Miguel Bru, que dispone de esas instalaciones, las puso a disposici\u00f3n para implementar su uso. Al margen de eso, le recordaron al gobierno porte\u00f1o que \u201c debe cumplir con la ley 3706 de Protecci\u00f3n y garant\u00eda integral de las personas en situaci\u00f3n de calle y riesgo de situaci\u00f3n de calle\u201d.<\/p>\n<p>Las organizaciones se\u00f1alaron la\u00a0necesidad de \u201cagilizar de manera urgente la entrega de la tarjeta alimentaria Ciudadan\u00eda Porte\u00f1a\u201d\u00a0y de los\u00a0subsidios habitacionales, con el respaldo del otorgamiento \u201cmediante el tr\u00e1mite judicial que garantice la suma real del valor del alquiler de una habitaci\u00f3n\u201d.<\/p>\n<p>Otra demanda es\u00a0que el servicio Buenos Aires Presente (BAP) se brinde\u00a0junto con \u201cpersonal sanitario que visite diariamente a estas personas para monitorear posibles s\u00edntomas de contagio y resolver urgencias\u201d.<\/p>\n<p>Qu\u00e9 dicen los censos<br \/>\nEstos son los resultados del relevamiento presentado ante la Defensor\u00eda del Pueblo de la Ciudad de Buenos Aires:<\/p>\n<p>&#8211;La mayor\u00eda de la poblaci\u00f3n en situaci\u00f3n de calle se compone de\u00a0varones, con un promedio de edad\u00a0de 40 a 53 a\u00f1os, aunque en las \u201cranchadas\u201d\u00a0hay tambi\u00e9n adulto\/as mayores.<\/p>\n<p>&#8211;Algunos de ellos manifestaron padecer\u00a0enfermedades como HIV y TBC, entre otras afecciones y en algunos casos consumo problem\u00e1tico de sustancias.<\/p>\n<p>&#8211;Seis de las mujeres entrevistadas refirieron estar\u00a0embarazadas.<\/p>\n<p>&#8211;No se constat\u00f3 presencia de ni\u00f1os, ni\u00f1as y adolescentes, salvo en la tercera salida de agosto, en la que se relevaron tres ni\u00f1os en compa\u00f1\u00eda de sus padres.<\/p>\n<p>&#8211;Aunque tienen informaci\u00f3n sobre la\u00a0covid-19, s\u00f3lo un 5 por ciento indic\u00f3 tomar medidas de prevenci\u00f3n\u00a0m\u00ednimas, como tener y usar un barbijo o contar con lavandina. Todos refirieron carencia de espacios de higiene y acceso al agua potable, lo cual agrava su situaci\u00f3n.<\/p>\n<p>&#8211;Poco\u00a0m\u00e1s del 50 por ciento\u00a0de la poblaci\u00f3n relevada refiri\u00f3 no consumir alimentos en forma regular.\u00a0No reciben asistencia alimentaria\u00a0en forma diaria. Los fines de semana son los d\u00edas m\u00e1s cr\u00edticos en este sentido.<\/p>\n<p>&#8211;Se constat\u00f3 la\u00a0colaboraci\u00f3n de vecinos\/as solidarios\/as.<\/p>\n<p>&#8211;Los entrevistados dijeron que hacen recorridos a pie con el fin de conseguir alimentos cocidos y\/o para cocinar, formando filas en los lugares de expendio de comida, pero muchos de ellos permanecen cerrados por el aislamiento social.<\/p>\n<p>&#8211;La situaci\u00f3n de desamparo los expone a\u00fan m\u00e1s al\u00a0peligro de contagios.<\/p>\n<p>&#8211;El tiempo en el que se encuentran en situaci\u00f3n de calle var\u00eda entre cinco meses y 15 a\u00f1os, de acuerdo con lo referido por los encuestados. Los que han ca\u00eddo en esta situaci\u00f3n desde hace algunos meses, es porque fueron\u00a0desalojados de los hoteles\u00a0donde resid\u00edan contando con el subsidio habitacional otorgado por el Decreto 690\/2016 del Gobierno porte\u00f1o. Otros dejaron esos lugares en forma voluntaria, por no contar con el dinero necesario para afrontar el pago, ni siquiera para permanecer sentados en el hall del hotel, sin acceso a una habitaci\u00f3n o cama.<\/p>\n<p>Los d\u00edas 11 y 12 de abril, la poblaci\u00f3n censada se conformaba por 92 hombres y 8 mujeres. El 27 y 28 de junio la poblaci\u00f3n de hombres y mujeres baja, pero el 8 y 9 de agosto creci\u00f3 el n\u00famero de mujeres. Son bajos los \u00edndices de personas que tienen en su poder documentos de identidad.<\/p>\n<p>Durante el primer relevamiento se obtuvo mayor n\u00famero respuestas positivas, casi un 24 por ciento, el n\u00famero desciende en junio poco m\u00e1s del 12 por ciento, pero en el tercer relevamiento salta a casi un 16 por ciento. Sin DNI no pueden acceder a los subsidios ni ingresar a un hotel.<\/p>\n<p>La mayor\u00eda de las personas encuestadas no cobran ning\u00fan tipo de subsidio.\u00a0En la salida de abril solo el 17 por ciento manifest\u00f3 recibir ayuda estatal. Ese mismo indicador cae al 8 por ciento en junio, pero en agosto sube a casi el 45 por ciento.<\/p>\n<p>Se destaca el\u00a0acceso al Ingreso Familiar de Emergencia\u00a0(IFE), pero solo algunos casos en el relevamiento de agosto dan cuenta de acceso a la tarjeta alimentaria Ciudadan\u00eda Porte\u00f1a y\/o subsidio habitacional. Los tres chicos reportados recib\u00edan la Ayuda Universal por Hijo.<\/p>\n<p>Como es de prever, la inmensa mayor\u00eda, por no decir todos, no tienen acceso a un dispositivo celular con servicio telef\u00f3nico o de internet. En abril, no llegaban al uno por ciento.<\/p>\n<h6>Fuente: P\u00e1gina 12<\/h6>\n","protected":false},"excerpt":{"rendered":"<p>Desde el inicio del aislamiento, la Asociaci\u00f3n Miguel Bru y la organizaci\u00f3n Ciudad Sin Techo\u00a0realizaron tres relevamientos entre personas que sobreviven en el bajo autopista de la 25 de Mayo, entre Constituci\u00f3n y Plaza de los Virreyes.\u00a0<\/p>\n","protected":false},"author":2,"featured_media":108419,"comment_status":"closed","ping_status":"closed","sticky":false,"template":"","format":"standard","meta":{"footnotes":""},"categories":[2],"tags":[12],"class_list":["post-108418","post","type-post","status-publish","format-standard","has-post-thumbnail","hentry","category-informe-municipal","tag-buenos-aires"],"_links":{"self":[{"href":"http:\/\/argentinamunicipal.com.ar\/argentina\/wp-json\/wp\/v2\/posts\/108418","targetHints":{"allow":["GET"]}}],"collection":[{"href":"http:\/\/argentinamunicipal.com.ar\/argentina\/wp-json\/wp\/v2\/posts"}],"about":[{"href":"http:\/\/argentinamunicipal.com.ar\/argentina\/wp-json\/wp\/v2\/types\/post"}],"author":[{"embeddable":true,"href":"http:\/\/argentinamunicipal.com.ar\/argentina\/wp-json\/wp\/v2\/users\/2"}],"replies":[{"embeddable":true,"href":"http:\/\/argentinamunicipal.com.ar\/argentina\/wp-json\/wp\/v2\/comments?post=108418"}],"version-history":[{"count":0,"href":"http:\/\/argentinamunicipal.com.ar\/argentina\/wp-json\/wp\/v2\/posts\/108418\/revisions"}],"wp:featuredmedia":[{"embeddable":true,"href":"http:\/\/argentinamunicipal.com.ar\/argentina\/wp-json\/wp\/v2\/media\/108419"}],"wp:attachment":[{"href":"http:\/\/argentinamunicipal.com.ar\/argentina\/wp-json\/wp\/v2\/media?parent=108418"}],"wp:term":[{"taxonomy":"category","embeddable":true,"href":"http:\/\/argentinamunicipal.com.ar\/argentina\/wp-json\/wp\/v2\/categories?post=108418"},{"taxonomy":"post_tag","embeddable":true,"href":"http:\/\/argentinamunicipal.com.ar\/argentina\/wp-json\/wp\/v2\/tags?post=108418"}],"curies":[{"name":"wp","href":"https:\/\/api.w.org\/{rel}","templated":true}]}}