{"id":108421,"date":"2020-10-23T04:15:41","date_gmt":"2020-10-23T07:15:41","guid":{"rendered":"http:\/\/argentinamunicipal.com.ar\/argentina\/?p=108421"},"modified":"2020-10-23T06:19:16","modified_gmt":"2020-10-23T09:19:16","slug":"miles-de-manitos-para-abrazar-mas-a-las-abuelas","status":"publish","type":"post","link":"http:\/\/argentinamunicipal.com.ar\/argentina\/miles-de-manitos-para-abrazar-mas-a-las-abuelas\/","title":{"rendered":"Miles de manitos para abrazar m\u00e1s a las Abuelas"},"content":{"rendered":"<p>El aniversario coincide con el cumplea\u00f1os de Estela de Carlotto, su presidenta, y el d\u00eda del Derecho a la Identidad. Las muestras de cari\u00f1o llegaron de todas partes del mundo.<\/p>\n<p>Y un d\u00eda las redes sociales se llenaron de manitos. La campa\u00f1a incansable de las Abuelas de Plaza de Mayo, que ayer cumplieron 43 a\u00f1os de b\u00fasqueda, se tradujo en miles de fotos de argentinos y argentinas de todas las generaciones que escribieron su nombre de pila en una mano y se retrataron para rendir homenaje a una lucha que enorgullece a todo un pueblo y prestigia al pa\u00eds ante el mundo. La celebraci\u00f3n coincidi\u00f3 con los 90 a\u00f1os de su presidenta, Estela de Carlotto, quien tambi\u00e9n recibi\u00f3 infinitas muestras de afecto que incluyeron al presidente Alberto Fern\u00e1ndez y a los nietos recuperados que hoy forman parte del gobierno del Frente de Todos.<\/p>\n<p>\u201cHoy cumple 90 a\u00f1os una de las mujeres m\u00e1s extraordinarias que conoc\u00ed en mi vida, que me honra con su cari\u00f1o y nos enorgullece a todos y todas con su ejemplo. \u00a1Feliz cumplea\u00f1os querida Estela!\u201d, public\u00f3 el jefe de Estado por la ma\u00f1ana. La vicepresidenta Cristina Kirchner difundi\u00f3 una foto junto con Carlotto, ambas sonrientes, y la leyenda \u201cfeliz cumplea\u00f1os Estela querida\u201d. Tambi\u00e9n la salud\u00f3 la expresidenta de Brasil, Dilma Rousseff e incluso el cantante paname\u00f1o Rub\u00e9n Blades.<\/p>\n<p>\u201cNos sentimos respetados por el Gobierno y tenemos un buen v\u00ednculo, es algo que recuperamos despu\u00e9s de cuatro a\u00f1os en los que los organismos estuvimos casi proscriptos, con pocos espacios, que ahora recuperamos\u201d, destac\u00f3 Carlotto entrevistada por T\u00e9lam. Cont\u00f3 que \u201ctratamos de festejar con alegr\u00eda\u00bb y que si bien \u201cpor la pandemia no nos podemos encontrar tenemos las redes y eso es importante para mantener la memoria y ayudar en la recuperaci\u00f3n de la identidad\u201d. \u201cTal vez alguien decida acercarse y conocer su historia\u201d, se esperanz\u00f3.<\/p>\n<p>Con las etiquetas #EstelaCumple90, #Abuelas43A\u00f1os y #LaBusquedaSigue, un amplio abanico de dirigentes saludaron a las Abuelas y a su presidenta. El gobernador bonaerense Axel Kicillof les envi\u00f3 \u201cun cari\u00f1o enorme a las Abuelas por estos 43 a\u00f1os de b\u00fasquedas y encuentros y a nuestra Estela un enorme feliz cumplea\u00f1os\u201d. \u201cEn nombre m\u00edo pero creo que no me equivoco si lo hago en nombre de toda una generaci\u00f3n\u201d, destac\u00f3 el dirigente de 49 a\u00f1os.<\/p>\n<p>Wado de Pedro, hijo de desaparecidos y actual ministro del Interior, difundi\u00f3 un video con distintos momentos en los acompa\u00f1\u00f3 a Carlotto. \u201cNuestro pa\u00eds es un poco m\u00e1s justo por personas como vos. Tu lucha incansable, tu valent\u00eda, tu compromiso y tu amor siguen siendo un gran ejemplo. Sos la abuela de todos y todas\u201d, la elogi\u00f3.<\/p>\n<p>El secretario de Derechos Humanos, Horacio Pietragalla, record\u00f3 que \u201cen 2003 recuper\u00e9 mi identidad convirti\u00e9ndome en el nieto restituido n\u00famero 75 gracias a mis queridas Abuelas de Plaza de Mayo\u201d. Public\u00f3 una foto en la que abraza a Carlotto que \u201ccumple 90 impecables a\u00f1os\u201d y destac\u00f3 que \u201ccasi la mitad de su vida la dedic\u00f3 a buscar a su nieto y a los nietos y nietas que nos faltan\u201d.<\/p>\n<p>Tambi\u00e9n Juan Cabandi\u00e9, nieto recuperado y ministro de Ambiente, public\u00f3 su foto rodeado de Abuelas en la sede del organismo, y escribi\u00f3: \u201c\u00a1Feliz cumplea\u00f1os, Estela! Sos ejemplo de lucha y ternura, valent\u00eda y amor\u201d. La legisladora porte\u00f1a Victoria Montenegro apunt\u00f3 el nombre sus padres, sus tres hijos y su nieto y celebr\u00f3 mostrando la mano con su nombre que \u201csoy una de las 130 nietxs recuperadxs por las Abuelas de Plaza de Mayo\u201d.<\/p>\n<p>La titular del INADI, Victoria Donda, que recuper\u00f3 su identidad en 2003, escribi\u00f3 que \u201choy cumple a\u00f1os una mujer que quiero y admiro mucho, que con su fortaleza y amor gui\u00f3 a muches de nosotres hacia la b\u00fasqueda de la verdad y el respeto por los Derechos Humanos, y a m\u00ed me ayud\u00f3 a ser mejor persona\u201d. \u201cFeliz cumplea\u00f1os Estela, te debo un fuerte abrazo\u201d, apunt\u00f3 junto a una foto con su hija en brazos junto a Carlotto.<\/p>\n<p>Miriam Lewin, sobreviviente del terrorismo de Estado y ahora titular de la Defensor\u00eda del P\u00fablico, record\u00f3 que \u201cen la ESMA a las embarazadas les dec\u00edan que los beb\u00e9s iban a ser entregados a sus familias, les hac\u00edan escribir una carta y les armaban una caja con un ajuar\u201d. \u201cNunca pens\u00e9 que existieran seres humanos con la crueldad suficiente como para robarnos lo m\u00e1s preciado\u201d, reflexion\u00f3, y destac\u00f3 que \u201c43 a\u00f1os despu\u00e9s cientos de esos chicos y chicas siguen siendo buscados por Abuelas\u201d.<\/p>\n<p>\u201cEn 1977 nuestras Abuelas de Plaza de Mayo iniciaban su b\u00fasqueda y una lucha incansable que permiti\u00f3 que, hasta hoy, 130 nietxs se encuentren con la verdad y con su identidad\u201d, record\u00f3 la ministra de Mujeres, G\u00e9neros y Diversidad, Eli G\u00f3mez Alcorta. Destac\u00f3 el \u201cejemplo de tenacidad y amor\u201d y les agradeci\u00f3 \u201cpor ense\u00f1arme que no hay futuro posible sin Memoria, Verdad y Justicia\u201d.<\/p>\n<p>El reconocimiento incluy\u00f3 a contados dirigentes de la oposici\u00f3n, que cosecharon cr\u00edticas de trolls y de marginales de la pol\u00edtica. \u201cEn el D\u00eda Nacional del Derecho a la Identidad saludo a Estela de Carlotto en su cumplea\u00f1os reconociendo su labor permanente desde @abuelasdifusion en la b\u00fasqueda de la verdad y la justicia\u201d, escribi\u00f3 el jefe de Gobierno porte\u00f1o y referente del Pro, Horacio Rodr\u00edguez Larreta. La exgobernadora Mar\u00eda Eugenia Vidal se sum\u00f3 a la campa\u00f1a por twitter. Record\u00f3 su nombre, el de su mam\u00e1 y el de su abuela y destac\u00f3 que \u00abtodav\u00eda hay gente que no conoce su verdadera identidad\u201d. \u201cConocer qui\u00e9n sos es tu derecho\u201d, agreg\u00f3, y apunt\u00f3 el 0800 de la Comisi\u00f3n Nacional por el Derecho a la Identidad (CONADI).<\/p>\n<p>Durante una entrevista en vivo en el Facebook del organismo, Carlotto contrast\u00f3 ayer \u201clos discursos de odio que se escuchan en las manifestaciones\u201d de la oposici\u00f3n con la historia de Abuelas. \u201cCuando hacen esas marchas tan horribles, con tanto odio, y ponen una horca con la cara del Presidente yo pienso&#8230; nosotros hicimos tantas marchas frente a los asesinos de nuestros hijos y nunca se nos ocurri\u00f3 hacer semejante despliegue de maldad\u201d, reflexion\u00f3. \u201cEn este tiempo de vida saco como conclusi\u00f3n que no hay que bajar los brazos. Hay que hacer algo por uno y por los dem\u00e1s, hay que seguir esta batalla del amor\u201d, ense\u00f1\u00f3 Estela.<\/p>\n<h6>Fuente: P\u00e1gina 12<\/h6>\n","protected":false},"excerpt":{"rendered":"<p>El aniversario coincide con el cumplea\u00f1os de Estela de Carlotto, su presidenta, y el d\u00eda del Derecho a la Identidad. Las muestras de cari\u00f1o llegaron de todas partes del mundo.\u00a0<\/p>\n","protected":false},"author":2,"featured_media":108422,"comment_status":"closed","ping_status":"closed","sticky":false,"template":"","format":"standard","meta":{"footnotes":""},"categories":[8],"tags":[21],"class_list":["post-108421","post","type-post","status-publish","format-standard","has-post-thumbnail","hentry","category-informe-nacional","tag-argentina"],"_links":{"self":[{"href":"http:\/\/argentinamunicipal.com.ar\/argentina\/wp-json\/wp\/v2\/posts\/108421","targetHints":{"allow":["GET"]}}],"collection":[{"href":"http:\/\/argentinamunicipal.com.ar\/argentina\/wp-json\/wp\/v2\/posts"}],"about":[{"href":"http:\/\/argentinamunicipal.com.ar\/argentina\/wp-json\/wp\/v2\/types\/post"}],"author":[{"embeddable":true,"href":"http:\/\/argentinamunicipal.com.ar\/argentina\/wp-json\/wp\/v2\/users\/2"}],"replies":[{"embeddable":true,"href":"http:\/\/argentinamunicipal.com.ar\/argentina\/wp-json\/wp\/v2\/comments?post=108421"}],"version-history":[{"count":0,"href":"http:\/\/argentinamunicipal.com.ar\/argentina\/wp-json\/wp\/v2\/posts\/108421\/revisions"}],"wp:featuredmedia":[{"embeddable":true,"href":"http:\/\/argentinamunicipal.com.ar\/argentina\/wp-json\/wp\/v2\/media\/108422"}],"wp:attachment":[{"href":"http:\/\/argentinamunicipal.com.ar\/argentina\/wp-json\/wp\/v2\/media?parent=108421"}],"wp:term":[{"taxonomy":"category","embeddable":true,"href":"http:\/\/argentinamunicipal.com.ar\/argentina\/wp-json\/wp\/v2\/categories?post=108421"},{"taxonomy":"post_tag","embeddable":true,"href":"http:\/\/argentinamunicipal.com.ar\/argentina\/wp-json\/wp\/v2\/tags?post=108421"}],"curies":[{"name":"wp","href":"https:\/\/api.w.org\/{rel}","templated":true}]}}