{"id":108439,"date":"2020-10-23T06:46:54","date_gmt":"2020-10-23T09:46:54","guid":{"rendered":"http:\/\/argentinamunicipal.com.ar\/argentina\/?p=108439"},"modified":"2020-10-23T06:46:54","modified_gmt":"2020-10-23T09:46:54","slug":"la-trashumancia-en-manzano-amargo-una-forma-de-alejarse-del-coronavirus","status":"publish","type":"post","link":"http:\/\/argentinamunicipal.com.ar\/argentina\/la-trashumancia-en-manzano-amargo-una-forma-de-alejarse-del-coronavirus\/","title":{"rendered":"La trashumancia en Manzano Amargo, una forma de alejarse del coronavirus"},"content":{"rendered":"<p>Gabriel saldr\u00e1 con su esposa, sus dos hijos y 700 animales para el campo en medio de la monta\u00f1a. \u00abAll\u00e1 vamos a estar m\u00e1s tranquilos\u00bb, asegur\u00f3 a LMN.<\/p>\n<p>Gabriel Retamal, de 35 a\u00f1os, se prepara para aislarse en una casa sin luz. Como todos los a\u00f1os, mudar\u00e1 su hogar a tres d\u00edas a pie de Manzano Amargo, donde vive la mitad del a\u00f1o. \u201cAll\u00e1 vamos a estar mucho m\u00e1s seguros y tranquilos, porque nos alejaremos a\u00fan m\u00e1s del coronavirus\u201d, cont\u00f3 a LMN.<\/p>\n<p>Viajar\u00e1 con 700 animales, entre ovejas y chivas. \u201cLos llevo a la veranada, el campo de verano que tengo para que pastoreen y engorden\u201d, describi\u00f3 tras anunciar que \u201cla idea a fin de mes es partir para all\u00e1\u201d.<br \/>\nTe puede interesar&#8230;<\/p>\n<p>Gabriel inverna a cinco kil\u00f3metros de Manzano Amargo, entre mayo y fines de octubre. Y de noviembre a finales de abril, los pasa en otro campo en medio de la cordillera, sin luz, con pocos vecinos, pero con mucho pasto y naturaleza. \u201cEs hermoso, hay mucha tranquilidad y mis dos hijos lo disfrutan\u201d, cont\u00f3.<\/p>\n<p>Entre el miedo al coronavirus y las restricciones que hubo en las \u00faltimas semanas en el norte neuquino, este hombre cree que se sentir\u00e1 \u201cmucho m\u00e1s seguro\u201d. \u201cSi bien alguna oveja por ah\u00ed se me cruce al lado chileno, porque estamos muy cerca y pasa seguido, estoy seguro que all\u00e1 no nos va a poder alcanzar este bicho\u201d, se alegr\u00f3.<\/p>\n<p>Falso positivo<br \/>\nEl jueves 17 de septiembre la localidad se paraliz\u00f3. Volvi\u00f3 a fase 1 por un caso. \u201cUna chica, que ven\u00eda de Buenos Aires, present\u00f3 s\u00edntomas y se fue a hacer el test\u201d, relat\u00f3 a LMN otro vecino de Manzano Amargo.<\/p>\n<p>Al llegar el resultado, confirm\u00f3 que hab\u00eda contra\u00eddo el virus. \u201cAh\u00ed empez\u00f3 el p\u00e1nico, ya que ac\u00e1 hay muchas personas grandes, con enfermedades y podr\u00eda ser muy letal\u201d, continu\u00f3, pero esta semana informaron que hab\u00eda un error.<\/p>\n<p>\u201cFue muy raro c\u00f3mo se dieron las situaciones, pero lo bueno es que ac\u00e1, a\u00fan, no lleg\u00f3 el virus\u201d, concluy\u00f3 el vecino.<\/p>\n<p>Este amague hizo que la familia de Gabriel se asustara y tomara algunos recaudos. Su esposa Micaela y sus hijos no salen de la casa. \u00abY cuando voy al supermercado, que me queda a unos 40 minutos al galope, necesito otro caballo para poder traer la mercader\u00eda e ir una sola vez por semana o intentar moverme lo menos posible\u00bb, describi\u00f3.<\/p>\n<p>Invernar sin el COVID<br \/>\nLa \u00e9poca de invierno suele ser para Gabriel y su familia los meses de reuniones. De fiesta, asados y juntadas entre familiares y amigos. De mayo a octubre las copas se multiplican y los asados se cuentan por docenas.<\/p>\n<p>\u201cPero este invierno fue diferente\u201d, dijo. Es que Grabiel se enter\u00f3 del coronavirus por la radio. \u201cYo supe que exist\u00eda cuando estaba en la veranada, lejos de todo y sin luz. Lo \u00fanico que me anda a pila es este aparato que lo prend\u00eda cada tanto y as\u00ed me enter\u00e9\u201d, indic\u00f3.<\/p>\n<p>En mayo, cuando le toc\u00f3 regresar con todo el ganado, se encontr\u00f3 con una \u201cciudad desolada, con un panorama apocal\u00edptico\u201d. \u201cNo hab\u00eda nadie en las calles, en el centro, todos con barbijos\u2026 una localidad muy distinta a la que dej\u00e9 cuando nos fuimos en noviembre del 2019\u201d, describi\u00f3.<\/p>\n<p>Si bien cont\u00f3 que le cost\u00f3 atravesar los fr\u00edos \u201csin asados multitudinarios\u201d, no haber contra\u00eddo el virus \u201cfue una victoria\u201d. \u201cAhora se vuelve de nuevo a la soledad de la cordillera en donde seguiremos haciendo asado para nosotros cuatro\u201d, pronostic\u00f3.<\/p>\n<p>Trashumancia: la mudanza<br \/>\nLa lista de Gabriel es larga. Tiene que llevar de su invernadero, en Manzano Amargo, desde los colchones hasta los alimentos que consumir\u00e1. Para este viaje espera que varias ovejas tengan cr\u00edas y el n\u00famero de animales que prev\u00e9 movilizar es de unos 700. \u201cA veces le pago a alguien para que me de una mano, pero si no los llevo yo solo con mi mujer y mis dos hijos\u201d, cont\u00f3.<\/p>\n<p>Tres d\u00edas a pie es la distancia entre un campo y el otro. Se hace una parada diaria, para comer y descansar un rato y se sigue hasta llegar. Los caminos \u201cest\u00e1n muy marcados\u201d, pero no se puede llegar en auto. \u201cS\u00ed o s\u00ed a pie o a caballo\u201d, confirm\u00f3.<\/p>\n<p>Seg\u00fan describi\u00f3, la casa de veranada es de chapa, \u201cmuy humilde\u201d, y asegur\u00f3 que, a veces, es recibido por alg\u00fan roedor. \u201cLo que hay que estar muy atento es que no aparezca alg\u00fan puma porque ahora hay much\u00edsimo y hay que tener el rev\u00f3lver listo, porque son un gran peligro para el ganado\u201d, cont\u00f3.<\/p>\n<p>Asado y torta frita, el ritual<br \/>\nLos recursos son escasos cuando est\u00e1n tan lejos de un mercado o de un almac\u00e9n. La naturaleza provee en el verano a esta familia y explotan al m\u00e1ximo los elementos que tienen a mano.<\/p>\n<p>\u201cCuando carneamos alg\u00fan cabrito para comer y hacer un asado, usamos la grasa para hacer las torta fritas\u201d, cont\u00f3 Gabriel con ansias de que ese momento llegue y rio al decir que ya tiene los paquetes de harina arriba de un caballo \u201cpara no olvidarlos\u201d.<\/p>\n<p>Si bien la salud de esta familia podr\u00e1 estar m\u00e1s segura en la casa de veranada, el miedo de que esta pandemia contin\u00fae y afecte las ventas preocupa a Gabriel. \u201cNo sabemos qu\u00e9 va a pasar, lo importante es que estamos bien, pero pensar que posiblemente no haya compradores me genera algunas pesadillas\u201d, se lament\u00f3.<\/p>\n<p>Con la seguridad de que se alejar\u00e1 del virus y con el deseo de volver a tener un \u201cinvierno con asados y fiestas familiares\u201d, Gabriel concluy\u00f3 con un mensaje de esperanza: \u201cOjal\u00e1 que me vuelva de esta temporada de verano todo se revierta y vuelva a ser c\u00f3mo antes\u201d.<\/p>\n<h6>Fuente: La Ma\u00f1ana Neuqu\u00e9n<\/h6>\n","protected":false},"excerpt":{"rendered":"<p>Gabriel saldr\u00e1 con su esposa, sus dos hijos y 700 animales para el campo en medio de la monta\u00f1a. \u00abAll\u00e1 vamos a estar m\u00e1s tranquilos\u00bb, asegur\u00f3 a LMN.<\/p>\n","protected":false},"author":2,"featured_media":108440,"comment_status":"closed","ping_status":"closed","sticky":false,"template":"","format":"standard","meta":{"footnotes":""},"categories":[2],"tags":[23],"class_list":["post-108439","post","type-post","status-publish","format-standard","has-post-thumbnail","hentry","category-informe-municipal","tag-neuquen"],"_links":{"self":[{"href":"http:\/\/argentinamunicipal.com.ar\/argentina\/wp-json\/wp\/v2\/posts\/108439","targetHints":{"allow":["GET"]}}],"collection":[{"href":"http:\/\/argentinamunicipal.com.ar\/argentina\/wp-json\/wp\/v2\/posts"}],"about":[{"href":"http:\/\/argentinamunicipal.com.ar\/argentina\/wp-json\/wp\/v2\/types\/post"}],"author":[{"embeddable":true,"href":"http:\/\/argentinamunicipal.com.ar\/argentina\/wp-json\/wp\/v2\/users\/2"}],"replies":[{"embeddable":true,"href":"http:\/\/argentinamunicipal.com.ar\/argentina\/wp-json\/wp\/v2\/comments?post=108439"}],"version-history":[{"count":0,"href":"http:\/\/argentinamunicipal.com.ar\/argentina\/wp-json\/wp\/v2\/posts\/108439\/revisions"}],"wp:featuredmedia":[{"embeddable":true,"href":"http:\/\/argentinamunicipal.com.ar\/argentina\/wp-json\/wp\/v2\/media\/108440"}],"wp:attachment":[{"href":"http:\/\/argentinamunicipal.com.ar\/argentina\/wp-json\/wp\/v2\/media?parent=108439"}],"wp:term":[{"taxonomy":"category","embeddable":true,"href":"http:\/\/argentinamunicipal.com.ar\/argentina\/wp-json\/wp\/v2\/categories?post=108439"},{"taxonomy":"post_tag","embeddable":true,"href":"http:\/\/argentinamunicipal.com.ar\/argentina\/wp-json\/wp\/v2\/tags?post=108439"}],"curies":[{"name":"wp","href":"https:\/\/api.w.org\/{rel}","templated":true}]}}