{"id":108467,"date":"2020-10-26T06:24:03","date_gmt":"2020-10-26T09:24:03","guid":{"rendered":"http:\/\/argentinamunicipal.com.ar\/argentina\/?p=108467"},"modified":"2020-10-26T06:24:03","modified_gmt":"2020-10-26T09:24:03","slug":"equipo-economico-con-diferencias-pero-en-buen-clima","status":"publish","type":"post","link":"http:\/\/argentinamunicipal.com.ar\/argentina\/equipo-economico-con-diferencias-pero-en-buen-clima\/","title":{"rendered":"Equipo econ\u00f3mico: con diferencias pero en buen clima"},"content":{"rendered":"<p>\u00abS\u00e9 que la gente no lo cree, pero en el gabinete se trabaja con muy buen clima. Obviamente que tenemos diferencias, pero una vez que nos ponemos de acuerdo tiramos todos para el mismo lado\u00bb, defin\u00eda uno de los integrantes del equipo econ\u00f3mico el clima interno en medio de las turbulencias por el d\u00f3lar. Ahora s\u00ed, claramente, es el ministro Mart\u00edn Guzm\u00e1n quien est\u00e1 a la cabeza de las pol\u00edticas y los voceros del Banco Central se llamaron a silencio, a la espera de que la situaci\u00f3n encuentre su cauce. As\u00ed las cosas, la visi\u00f3n mayoritaria era que, por ahora, no se producir\u00e1 el tan meneado cambio de gabinete. M\u00e1s que un enroque de nombres, hay quienes piden que con el ox\u00edgeno conseguido con el acto del 17 de octubre haya un relanzamiento del Gobierno con planes y objetivos concretos para encarar el a\u00f1o electoral.<\/p>\n<p>El clima interno es bueno porque -sostienen- del presidente Alberto Fern\u00e1ndez y el jefe de Gabinete, Santiago Cafiero, para abajo, en esta gesti\u00f3n predomina la gente amable y que no trabaja en la intriga de llevar y traer para complicar a alguien. Hubo diferencias de criterios entre Guzm\u00e1n y el titular del Central, Miguel Pesce, que el Presidente zanj\u00f3. Los resultados no fueron los esperados y ahora la preeminencia la tiene el ministro de Econom\u00eda, que desmienten que est\u00e9 trabajando con plazos perentorios. \u00abSon cosas que escriben en los diarios para presionar, pero no es el estilo del Presidente andar poniendo plazos\u00bb, sosten\u00edan en el equipo econ\u00f3mico.<\/p>\n<p>Hay un frente s\u00f3lido en torno a la idea de no devaluar ni ceder a la receta que buscan imponer desde los mercados. Insisten que no hay razones objetivas para ello, m\u00e1s alla de las presiones de los sectores exportadores y del comportamiento contagioso que se genera en estas ocasiones. Con su tono tranquilo y did\u00e1ctico, Guzm\u00e1n comenz\u00f3 a aparecer en los medios en busca de echar un manto de calma a la situaci\u00f3n, algo que varios reclamaban. El Presidente y Guzm\u00e1n mantuvieron esta semana un almuerzo en Olivos con el titular de Techint, Paolo Rocca, con el objetivo de reestablecer puentes con el sector del empresariado que aparece m\u00e1s distanciado de la gesti\u00f3n. Tambi\u00e9n hubo otro encuentro con Marcos Bulgheroni, el CEO de la energ\u00e9tica Pan American Energy.<\/p>\n<p>En cambio, lo que se suspendi\u00f3 fue la llamada mesa de los martes que reun\u00eda al Presidente y Cafiero con el presidente de la C\u00e1mara de Diputados,\u00a0Sergio Massa, el jefe de bloque de diputados,\u00a0M\u00e1ximo Kirchner, los ministros m\u00e1s pol\u00edticos como\u00a0Gabriel Katopodis\u00a0y\u00a0Wado de Pedro\u00a0y algunos intendentes. All\u00ed repasaban la agenda y evaluaban algunas medidas. \u00abEst\u00e1 claro que Alberto prefiere mantenerse en el esquema radial, hablando con cada uno de manera personal\u00bb, analizaba un funcionario respecto a esa resoluci\u00f3n.<\/p>\n<p>La vicepresidenta\u00a0Cristina Kirchner, y el kirchnerismo en general, parecen mirar con alguna distancia las medidas que se vienen tomando en materia econ\u00f3mica, lo mismo que las idas y vueltas respecto a algunas decisiones. Incluso, con diferencias respecto al proyecto de presupuesto al que ven demasiado preocupado en mantener los equilibrios, en un a\u00f1o en el que ser\u00e1n necesarios expandir los recursos para apuntalar una r\u00e1pida reactivaci\u00f3n. Tambi\u00e9n sobre cuestiones de comunicaci\u00f3n. Algunos ministros, se quejan, no defienden sus proyectos ni se conoce bien qu\u00e9 hicieron hasta ahora.<\/p>\n<p>Respecto a estas cr\u00edticas, un ministro reconoc\u00eda diferencias entre quienes vienen de la pol\u00edtica &#8211;como es su caso&#8211; y quienes no. \u00abMe parece que les cuesta tener un registro completo de la situaci\u00f3n, es como que se ocupan \u00fanicamente de lo que tiene que ver con su agenda del d\u00eda\u00bb, comentaba sobre sus colegas. Ahora Guzm\u00e1n sali\u00f3 a dar pelea pero la idea que queda en un sector del Gobierno es que la intervenci\u00f3n se percibe demasiado light para sostener la pulseada en un momento tan complicado y con intereses tan pesados en pugna. \u00abEsto de dar una conferencia de prensa, anunciar una medida y quedarse sentado esperando que d\u00e9 resultado, da la sensaci\u00f3n que no est\u00e1 funcionando\u00bb, comentaba un funcionario.<\/p>\n<p>M\u00e1s all\u00e1 de estos diferentes puntos de vista, hab\u00eda una coincidencia en cuanto a que el Presidente no estar\u00eda evaluando ahora mismo un cambio de gabinete. \u00abEst\u00e1 demasiado anunciado, aparecer\u00eda como cediendo\u00bb, comentaba un ministro. Pero, en cambio, hab\u00eda quienes ve\u00edan con m\u00e1s urgencia un reordenamiento de tareas en el elenco oficial y que se marque un objetivo claro. Si se quiere, un relato. \u00abEl kirchnerismo y, a su manera, el macrismo, lo elaboraron. Nosotros m\u00e1s o menos lo ten\u00edamos, pero nos agarr\u00f3 la pandemia. Ahora se desgast\u00f3, har\u00eda falta reinventar alguna cosa para ponernos a trabajar todos en esa l\u00ednea\u00bb, comentaba un integrante del gabinete.<\/p>\n<p>El acto del 17 de octubre pasado, el resultado electoral en Bolivia y los eventos por el aniversario del fallecimiento de N\u00e9stor Kirchner, marcaban, eran elementos que al Gobierno le sirven para ganar sustento pol\u00edtico y movilizar a dirigentes y militantes. \u00abObviamente es fundamental enderezar la econom\u00eda, pero tambi\u00e9n tenemos que empezar a trabajar en otras ideas que sirvan para reunificarnos y lanzarnos de nuevo. Hay que pensar que pronto vamos a estar en campa\u00f1a\u00bb, alertaba el funcionario.<\/p>\n<h6>Fuente: P\u00e1gina 12<\/h6>\n","protected":false},"excerpt":{"rendered":"<p>\u00abS\u00e9 que la gente no lo cree, pero en el gabinete se trabaja con muy buen clima. Obviamente que tenemos diferencias, pero una vez que nos ponemos de acuerdo tiramos todos para el mismo lado\u00bb<\/p>\n","protected":false},"author":2,"featured_media":108468,"comment_status":"closed","ping_status":"closed","sticky":false,"template":"","format":"standard","meta":{"footnotes":""},"categories":[8],"tags":[21],"class_list":["post-108467","post","type-post","status-publish","format-standard","has-post-thumbnail","hentry","category-informe-nacional","tag-argentina"],"_links":{"self":[{"href":"http:\/\/argentinamunicipal.com.ar\/argentina\/wp-json\/wp\/v2\/posts\/108467","targetHints":{"allow":["GET"]}}],"collection":[{"href":"http:\/\/argentinamunicipal.com.ar\/argentina\/wp-json\/wp\/v2\/posts"}],"about":[{"href":"http:\/\/argentinamunicipal.com.ar\/argentina\/wp-json\/wp\/v2\/types\/post"}],"author":[{"embeddable":true,"href":"http:\/\/argentinamunicipal.com.ar\/argentina\/wp-json\/wp\/v2\/users\/2"}],"replies":[{"embeddable":true,"href":"http:\/\/argentinamunicipal.com.ar\/argentina\/wp-json\/wp\/v2\/comments?post=108467"}],"version-history":[{"count":0,"href":"http:\/\/argentinamunicipal.com.ar\/argentina\/wp-json\/wp\/v2\/posts\/108467\/revisions"}],"wp:featuredmedia":[{"embeddable":true,"href":"http:\/\/argentinamunicipal.com.ar\/argentina\/wp-json\/wp\/v2\/media\/108468"}],"wp:attachment":[{"href":"http:\/\/argentinamunicipal.com.ar\/argentina\/wp-json\/wp\/v2\/media?parent=108467"}],"wp:term":[{"taxonomy":"category","embeddable":true,"href":"http:\/\/argentinamunicipal.com.ar\/argentina\/wp-json\/wp\/v2\/categories?post=108467"},{"taxonomy":"post_tag","embeddable":true,"href":"http:\/\/argentinamunicipal.com.ar\/argentina\/wp-json\/wp\/v2\/tags?post=108467"}],"curies":[{"name":"wp","href":"https:\/\/api.w.org\/{rel}","templated":true}]}}