{"id":108473,"date":"2020-10-26T06:35:21","date_gmt":"2020-10-26T09:35:21","guid":{"rendered":"http:\/\/argentinamunicipal.com.ar\/argentina\/?p=108473"},"modified":"2020-10-26T06:35:21","modified_gmt":"2020-10-26T09:35:21","slug":"la-del-dolar-es-una-pulseada-decisiva","status":"publish","type":"post","link":"http:\/\/argentinamunicipal.com.ar\/argentina\/la-del-dolar-es-una-pulseada-decisiva\/","title":{"rendered":"La del d\u00f3lar es una pulseada decisiva"},"content":{"rendered":"<p>Hagamos el ejercicio de recorrer algunas impresiones que &#8211;no importa si veraces, veros\u00edmiles o falsas&#8211; son las efectivamente instaladas.<\/p>\n<p>Demos por cierto o aceptable que el Gobierno brinda una imagen de impotencia frente a la ofensiva devaluatoria.<\/p>\n<p>Que esa definici\u00f3n encierra una acometida que busca desestabilizar.<\/p>\n<p>Que el instrumento esencial son medios de comunicaci\u00f3n y (sus) redes, aunque sin perder de vista que forman el tr\u00edo de la arremetida junto a la Asociaci\u00f3n Empresaria Argentina (AEA, por ponerlo en una sigla) y su pata judicial.<\/p>\n<p>Que sobran las explicaciones acerca de que el \u201cblue\u201d es un mercado cuantitativamente insignificante, tanto como el CCL o el MEP, sin relaci\u00f3n objetiva con los precios porque \u00e9stos se regulan a trav\u00e9s de la cotizaci\u00f3n oficial.<\/p>\n<p>Que sin embargo se marcha preso y que los precios son inflacionariamente lo que hay y\/o ser\u00e1n gracias al d\u00f3lar \u00e9se, como sucede desde que la dictadura y sus mandantes impusieron el patr\u00f3n bimonetario, porque la econom\u00eda se rige desde expectativas fijadas por los especuladores concentrados y no a trav\u00e9s de lo que el Gobierno explique.<\/p>\n<p>Que la excepci\u00f3n a eso, en lo reciente, fueron los gobiernos de N\u00e9stor y Cristina porque hab\u00eda un modelo y una fortaleza pol\u00edtica que controlaba las previsiones m\u00e1s desfavorables.<\/p>\n<p>Que el Gobierno carece de una comunicaci\u00f3n eficiente.<\/p>\n<p>Que nadie argumenta de forma oficial; que nadie protege como voz autorizada; que se est\u00e1 colgado del travesa\u00f1o, como lo revela la reiteraci\u00f3n \u00fanica de que no se devaluar\u00e1, en vez de, en una de \u00e9sas, arg\u00fcir que la devaluaci\u00f3n ya se produce pero de acuerdo con los tiempos que establece Mart\u00edn Guzm\u00e1n (Fern\u00e1ndez) y no con lo funcional a quienes pretenden voltearlo(s).<\/p>\n<p>Las recientes apariciones medi\u00e1ticas del ministro causaron por fin un sacud\u00f3n en ese desierto comunicacional y fueron muy buenas, explicando con precisi\u00f3n y llaneza la m\u00e9dula t\u00e9cnica del asunto, desde su paciencia shaolin.<\/p>\n<p>Sin embargo, tampoco se trata de que Guzm\u00e1n empiece a recorrer los medios, a troche y moche, porque reforzar\u00eda una estampa meramente defensiva.<\/p>\n<p>Es con\u00a0medidas, que el Gobierno deber\u00eda saber cu\u00e1les son, y no primero con argumentaciones, la manera de pasar a la ofensiva (cree uno, apenas).<\/p>\n<p>El modo en que se comunica depende de la convicci\u00f3n pol\u00edtica y de la tenacidad ejecutiva al respecto, no al rev\u00e9s.<\/p>\n<p>\u00bfEl Gobierno no sabe que \u201clas cuevas\u201d, en su acepci\u00f3n operativa m\u00e1s amplia, son nutridas por las entidades financieras del establishment?<\/p>\n<p>\u00bfNo sabe, como sintetiz\u00f3 Pedro Salas, presidente de la \u00a1Sociedad Rural de C\u00f3rdoba!, que \u201chay toda una movida de grupos concentrados que manejan un gran volumen de fondos especulativos, en el mercado financiero, que buscan llevar(lo) a una megadevaluaci\u00f3n?<\/p>\n<p>\u00bfNo sabe que la Aduana sigue siendo presumiblemente un colador por el que se vehiculiza &#8211;cu\u00e1nta&#8211; parte de las maniobras de importaci\u00f3n y exportaci\u00f3n del complejo agrario?<\/p>\n<p>Por supuesto que lo sabe, pero vale ponerse en su lugar para preguntar(se) con qu\u00e9 poder de fuego concreto, que no sean exclusivamente \u201cmedidas de mercado\u201d, se hace frente a esta provocaci\u00f3n fenomenal.<\/p>\n<p>Dado entonces por cierto o veros\u00edmil que el Gobierno est\u00e1 apretado, imag\u00ednese qu\u00e9 suceder\u00eda mientras se reafirma la pandemia sin que, ni aqu\u00ed ni en lugar alguno, a mano, pueda saberse a ciencia cierta c\u00f3mo acabar\u00e1&#8230; cuando acabe.<\/p>\n<p>\u00bfAcaso propone alguna alternativa sustentable la banda de forajidos quejosos e insultadores, que sin soluci\u00f3n de continuidad se expresan en pantallas, radios y foros, con caras y met\u00e1foras berretas de que \u201cya no se aguanta m\u00e1s\u201d?<\/p>\n<p>\u00bfCu\u00e1l cambio pol\u00edticamente sostenible, salvo el terraplanismo del odio y la denuncia, proponen esos hacedores y pajes de la exclusi\u00f3n social?<\/p>\n<p>Ninguno.<\/p>\n<p>El poder destructivo de la derecha no tiene anverso de construcci\u00f3n.<\/p>\n<p>Es hasta gracioso que sus consignas sean confiar en una Corte Suprema que ponga l\u00edmites, a falta de figura o proyecto cre\u00edble y masivo en los que depositar capacidad de magia redentora.<\/p>\n<p>Macri quiz\u00e1 est\u00e9 sufriendo un golpe \u00bfterminal? a la insuficiente base respaldatoria que le queda, ya zaherida entre los propios por la descortes\u00eda que les dedic\u00f3 en sus reapariciones \u201cperiod\u00edsticas\u201d.<\/p>\n<p>Rodr\u00edguez Larreta, o Heidi, o cualquiera de las opciones imaginables desde el antagonismo gorila e incluyendo a las variantes humor\u00edsticas de los \u201clibertarios\u201d, son por el momento quimeras sin sustento pr\u00e1ctico.<\/p>\n<p>Significa que el problema es mucho m\u00e1s las dudas del Gobierno que alg\u00fan poder de fuego \u201cconstructivo\u201d opositor.<\/p>\n<p>Dudas oficiales que no pasan por la convicci\u00f3n de que la salida es a trav\u00e9s del mercado interno, de recomponer empleo\/trabajo\/changas, de reconstituir cr\u00e9dito productivo, de crear o afirmar alianzas con la parte que quede de alguna burgues\u00eda &#8211;llam\u00e9mosle&#8211; nacional, de trabajar con los productores de la econom\u00eda popular.<\/p>\n<p>El problema, c\u00f3modo para diagnosticar pero agotadoramente complej\u00edsimo de arreglar, es c\u00f3mo sale el Gobierno de la extorsi\u00f3n que tambi\u00e9n es indiscutible: un mercado chiquito, el del d\u00f3lar otrora \u201cparalelo\u201d y sus variantes. Chiquito pero demasiado cumplidor. Demasiado potente.<\/p>\n<p>Quien escribe no tiene la respuesta, pero tampoco observa que la porten los especialistas en econom\u00eda que aciertan con las preguntas, con las revelaciones, con el detalle de las operaciones o con el marcaje de los que oprimen.<\/p>\n<p>Las patotas gauch\u00f3cratas de Etchevehere; el comando de Clar\u00edn y Techint; la mesa judicial del espionaje y las andanzas macristas; la rep\u00fablica aut\u00f3noma del cuarto piso; los desquicios relatores del terceto presuntamente period\u00edstico; la avanzada de los cruzados anticuarentena, que ahora se montan en que de alguna forma hay que parar lo que alentaron; el discurso antipol\u00edtica de los pol\u00edticos por antonomasia; la obsesi\u00f3n enfermiza contra Cristina; la imbecilidad casi insuperable de que seremos Venezuela, y el goteo repugnante de mostrar que el Presidente es un hombre sin car\u00e1cter conducido desde el Instituto Patria\u2026 son una tanda tan forzosa de describir como insuficiente para solucionar.<\/p>\n<p>La exigencia de la hora es con qu\u00e9 poder concreto le responde el Gobierno al ataque sistem\u00e1tico que sufre, m\u00e1s all\u00e1 los yerros autoinfligidos.<\/p>\n<p>No vale la respuesta de que recurriendo a la movilizaci\u00f3n popular ser\u00eda otro cantar porque, vistas las circunstancias pand\u00e9micas sin perjuicio de lo conmovedor del 17 de octubre, a efectos espec\u00edficos es m\u00e1s bien un mandoble po\u00e9tico.<\/p>\n<p>Estamos hablando de c\u00f3mo se frena en la pol\u00edtica real\u00a0(en otro momento citar\u00edamos\u00a0la realpolitik)\u00a0un poder\u00edo pendenciero que no para un segundo, cuando\u00a0el Gobierno ni siquiera cumpli\u00f3 un a\u00f1o.<\/p>\n<p>Se aceptan ofertas mejores a la de que hace falta que el Frente de Todos, en su significado de alianza estable,\u00a0con ambos Fern\u00e1ndez a la cabeza demostrativa,\u00a0muestre decisi\u00f3n en disposiciones que exhiban fuerza pol\u00edtica.<\/p>\n<p>Lo t\u00e9cnico es subyacente.<\/p>\n<p>A esta altura puede asegurarse que el rumbo del d\u00f3lar es s\u00f3lo un aspecto en el contenido macro del plan gubernamental, estipulado en el Presupuesto 2021 seg\u00fan todas las voces oficiales.<\/p>\n<p>Pero, con igual certeza,\u00a0puede aseverarse que si el Gobierno es incapaz de domar\u00a0 ese potro no hay planificaci\u00f3n posible ni de corto ni de mediano plazo.<\/p>\n<p>Una mala noticia es la de que el Gobierno no plasma autoridad frente al tema, o no por lo menos con la dosis de solvencia imprescindible.<\/p>\n<p>Y una muy buena es que el s\u00e1bado 17, aun con la ca\u00edda del llenado virtual del espacio p\u00fablico o precisamente por eso,\u00a0se ense\u00f1\u00f3 que hay pueblo de sobra &#8211;pueblo, no \u201cla gente\u201d&#8211; para aguantar la parada.<\/p>\n<p>Que se aproveche.<\/p>\n<p>El contexto econ\u00f3mico es dram\u00e1tico.<\/p>\n<p>La solidez pol\u00edtica, que despu\u00e9s de todo es lo que determina la econom\u00eda, sigue en disputa.<\/p>\n<p>Por\u00a0Eduardo Aliverti<\/p>\n<h6>Fuente: P\u00e1gina 12<\/h6>\n","protected":false},"excerpt":{"rendered":"<p>Hagamos el ejercicio de recorrer algunas impresiones que &#8211;no importa si veraces, veros\u00edmiles o falsas&#8211; son las efectivamente instaladas.<\/p>\n","protected":false},"author":2,"featured_media":108474,"comment_status":"closed","ping_status":"closed","sticky":false,"template":"","format":"standard","meta":{"footnotes":""},"categories":[6],"tags":[21],"class_list":["post-108473","post","type-post","status-publish","format-standard","has-post-thumbnail","hentry","category-opiniones","tag-argentina"],"_links":{"self":[{"href":"http:\/\/argentinamunicipal.com.ar\/argentina\/wp-json\/wp\/v2\/posts\/108473","targetHints":{"allow":["GET"]}}],"collection":[{"href":"http:\/\/argentinamunicipal.com.ar\/argentina\/wp-json\/wp\/v2\/posts"}],"about":[{"href":"http:\/\/argentinamunicipal.com.ar\/argentina\/wp-json\/wp\/v2\/types\/post"}],"author":[{"embeddable":true,"href":"http:\/\/argentinamunicipal.com.ar\/argentina\/wp-json\/wp\/v2\/users\/2"}],"replies":[{"embeddable":true,"href":"http:\/\/argentinamunicipal.com.ar\/argentina\/wp-json\/wp\/v2\/comments?post=108473"}],"version-history":[{"count":0,"href":"http:\/\/argentinamunicipal.com.ar\/argentina\/wp-json\/wp\/v2\/posts\/108473\/revisions"}],"wp:featuredmedia":[{"embeddable":true,"href":"http:\/\/argentinamunicipal.com.ar\/argentina\/wp-json\/wp\/v2\/media\/108474"}],"wp:attachment":[{"href":"http:\/\/argentinamunicipal.com.ar\/argentina\/wp-json\/wp\/v2\/media?parent=108473"}],"wp:term":[{"taxonomy":"category","embeddable":true,"href":"http:\/\/argentinamunicipal.com.ar\/argentina\/wp-json\/wp\/v2\/categories?post=108473"},{"taxonomy":"post_tag","embeddable":true,"href":"http:\/\/argentinamunicipal.com.ar\/argentina\/wp-json\/wp\/v2\/tags?post=108473"}],"curies":[{"name":"wp","href":"https:\/\/api.w.org\/{rel}","templated":true}]}}