{"id":108494,"date":"2020-10-27T04:58:00","date_gmt":"2020-10-27T07:58:00","guid":{"rendered":"http:\/\/argentinamunicipal.com.ar\/argentina\/?p=108494"},"modified":"2020-10-26T14:40:48","modified_gmt":"2020-10-26T17:40:48","slug":"la-ciudad-de-puerto-madryn-integrara-la-red-nacional-para-emprender","status":"publish","type":"post","link":"http:\/\/argentinamunicipal.com.ar\/argentina\/la-ciudad-de-puerto-madryn-integrara-la-red-nacional-para-emprender\/","title":{"rendered":"La ciudad de Puerto Madryn integrar\u00e1 la Red Nacional para Emprender"},"content":{"rendered":"<p>Se trata de un espacio pensado para garantizar el acompa\u00f1amiento a los emprendedores en todos sus estad\u00edos. Lo pondr\u00e1n en marcha con acciones de sensibilizaci\u00f3n y detecci\u00f3n de oportunidades.<\/p>\n<p>El intendente de la ciudad, Gustavo Sastre, confirm\u00f3 que el Ministerio de Desarrollo Productivo de la Naci\u00f3n incorpor\u00f3 a la Municipalidad y al equipo de Madryn en la Red Nacional para Emprender. Esta iniciativa permitir\u00e1 colaborar en la dinamizaci\u00f3n del ecosistema emprendedor local, potenciar aquellos que sean sustentables y sostenibles. De esta manera, se buscar\u00e1 que contribuyan al desarrollo productivo de la regi\u00f3n mediante la innovaci\u00f3n, el valor agregado y la generaci\u00f3n de fuentes de empleo.<br \/>\nAl respecto, el Jefe Comunal sostuvo que \u201cla iniciativa surgi\u00f3 luego de intensas gestiones realizadas desde nuestro Ejecutivo Municipal en materia de desarrollo productivo. En ese marco, integrantes de la Direcci\u00f3n General de Emprendedorismo de la Secretar\u00eda de Producci\u00f3n, Innovaci\u00f3n y Empleo concretaron un encuentro virtual con el Director de Fortalecimiento del Ecosistema Emprendedor de la Subsecretar\u00eda de Emprendedores del Ministerio de Desarrollo Productivo de Naci\u00f3n donde se acord\u00f3 que la ciudad integre y forme parte de esta nueva Red\u201d.<br \/>\n\u201cPoder ser parte de esta Red nos permitir\u00e1 recibir acompa\u00f1amiento y asistencia t\u00e9cnica para la formulaci\u00f3n e implementaci\u00f3n de planes de trabajo. Ser\u00e1 mediante el fomento de la articulaci\u00f3n entre empresa y emprendedor, mediante la generaci\u00f3n de nuevos canales de comercializaci\u00f3n y de selecci\u00f3n de proyectos para su financiamiento a trav\u00e9s de aportes no reintegrables. Un est\u00edmulo sumamente importante en el contexto que nos toca atravesar\u201d, destac\u00f3 el Intendente.<br \/>\nAdem\u00e1s, explic\u00f3 que \u201cen el a\u00f1o 2016, Puerto Madryn fue seleccionada como Ciudad para Emprender, y desde entonces se desarrolla el Programa Municipal \u2018Madryn Emprende\u2019, del que forman parte diferentes actores locales integrando la \u2018Mesa Emprendedora\u2019. Es por eso que pertenecer a esta Red nos garantiza el acompa\u00f1amiento al emprendedor en todos sus estad\u00edos. Es decir, con acciones de sensibilizaci\u00f3n y detecci\u00f3n de oportunidades, capacitaciones, incubaci\u00f3n, mentoreo y aceleraci\u00f3n, bajo la concepci\u00f3n de que el desarrollo emprendedor ocurre cuando se trabaja en forma articulada con otros, siendo parte activa de un sistema din\u00e1mico\u201d.<br \/>\nPor \u00faltimo, Sastre destac\u00f3 que \u201ca partir de la adhesi\u00f3n al Programa Nacional Red para Emprender se prev\u00e9 la realizaci\u00f3n de un diagn\u00f3stico situacional del ecosistema emprendedor local, la formulaci\u00f3n del plan de dinamizaci\u00f3n de dicho sistema y la implementaci\u00f3n del mismo con la ayuda de los aportes de financiamiento acordados\u00bb.Desde la Secretar\u00eda de Producci\u00f3n, Innovaci\u00f3n y Empleo se convoca a las instituciones acad\u00e9micas, cient\u00edficas, c\u00e1maras empresarias, empresas y emprendedores\u00a0\u00a0que quieran ser parte activa de esta propuesta de trabajo a comunicarse a sdp@madryn.gob.ar o a madrynemprende@gmail.com.<\/p>\n<h6>Fuente: El Chubut<\/h6>\n","protected":false},"excerpt":{"rendered":"<p>Se trata de un espacio pensado para garantizar el acompa\u00f1amiento a los emprendedores en todos sus estad\u00edos. Lo pondr\u00e1n en marcha con acciones de sensibilizaci\u00f3n y detecci\u00f3n de oportunidades.<\/p>\n","protected":false},"author":2,"featured_media":108495,"comment_status":"closed","ping_status":"closed","sticky":false,"template":"","format":"standard","meta":{"footnotes":""},"categories":[2],"tags":[14],"class_list":["post-108494","post","type-post","status-publish","format-standard","has-post-thumbnail","hentry","category-informe-municipal","tag-chubut"],"_links":{"self":[{"href":"http:\/\/argentinamunicipal.com.ar\/argentina\/wp-json\/wp\/v2\/posts\/108494","targetHints":{"allow":["GET"]}}],"collection":[{"href":"http:\/\/argentinamunicipal.com.ar\/argentina\/wp-json\/wp\/v2\/posts"}],"about":[{"href":"http:\/\/argentinamunicipal.com.ar\/argentina\/wp-json\/wp\/v2\/types\/post"}],"author":[{"embeddable":true,"href":"http:\/\/argentinamunicipal.com.ar\/argentina\/wp-json\/wp\/v2\/users\/2"}],"replies":[{"embeddable":true,"href":"http:\/\/argentinamunicipal.com.ar\/argentina\/wp-json\/wp\/v2\/comments?post=108494"}],"version-history":[{"count":0,"href":"http:\/\/argentinamunicipal.com.ar\/argentina\/wp-json\/wp\/v2\/posts\/108494\/revisions"}],"wp:featuredmedia":[{"embeddable":true,"href":"http:\/\/argentinamunicipal.com.ar\/argentina\/wp-json\/wp\/v2\/media\/108495"}],"wp:attachment":[{"href":"http:\/\/argentinamunicipal.com.ar\/argentina\/wp-json\/wp\/v2\/media?parent=108494"}],"wp:term":[{"taxonomy":"category","embeddable":true,"href":"http:\/\/argentinamunicipal.com.ar\/argentina\/wp-json\/wp\/v2\/categories?post=108494"},{"taxonomy":"post_tag","embeddable":true,"href":"http:\/\/argentinamunicipal.com.ar\/argentina\/wp-json\/wp\/v2\/tags?post=108494"}],"curies":[{"name":"wp","href":"https:\/\/api.w.org\/{rel}","templated":true}]}}