{"id":1085,"date":"2014-02-14T21:42:22","date_gmt":"2014-02-15T00:42:22","guid":{"rendered":"http:\/\/argentinamunicipal.com.ar\/argentina\/?p=1085"},"modified":"2014-02-14T21:42:22","modified_gmt":"2014-02-15T00:42:22","slug":"intendente-de-corrientes-convoco-a-paritarias","status":"publish","type":"post","link":"http:\/\/argentinamunicipal.com.ar\/argentina\/intendente-de-corrientes-convoco-a-paritarias\/","title":{"rendered":"Intendente de Corrientes convoc\u00f3 a Paritarias"},"content":{"rendered":"<p><a href=\"http:\/\/argentinamunicipal.com.ar\/argentina\/wp-content\/uploads\/2014\/02\/municipalidad-corrientes.jpg\"><img loading=\"lazy\" decoding=\"async\" class=\"alignleft  wp-image-1086\" alt=\"municipalidad corrientes\" src=\"http:\/\/argentinamunicipal.com.ar\/argentina\/wp-content\/uploads\/2014\/02\/municipalidad-corrientes.jpg\" width=\"385\" height=\"289\" srcset=\"http:\/\/argentinamunicipal.com.ar\/argentina\/wp-content\/uploads\/2014\/02\/municipalidad-corrientes.jpg 550w, http:\/\/argentinamunicipal.com.ar\/argentina\/wp-content\/uploads\/2014\/02\/municipalidad-corrientes-300x225.jpg 300w\" sizes=\"auto, (max-width: 385px) 100vw, 385px\" \/><\/a>El primer encuentro de negociaciones colectivas, entre la Municipalidad de la Ciudad de Corrientes y sus trabajadores, se realizar\u00e1 el pr\u00f3ximo jueves 20. Ser\u00e1 la primera vez que en la Provincia de Corrientes agentes estatales ejerzan este derecho. \u201cSer\u00e1 una mesa donde los trabajadores se sentar\u00e1n a negociar, de igual a igual, con los empleadores\u201d, dijo el Jefe Comunal.<\/p>\n<p>El intendente capitalino Fabi\u00e1n R\u00edos anunci\u00f3 que la pr\u00f3xima semana quedar\u00e1 conformada la comisi\u00f3n que se encargar\u00e1 de las negociaciones salariales y laborales colectivas para los trabajadores municipales. Participar\u00e1n de la mesa de negociaci\u00f3n representantes del Departamento Ejecutivo Municipal, del Concejo Deliberante y de la asociaci\u00f3n sindical representativa del sector.<\/p>\n<p>\u201cVamos a convocar a la mesa Paritaria inaugurando una \u00e9poca hist\u00f3rica en Corrientes. El jueves de la semana que viene vamos a estar convocando formalmente a la representaci\u00f3n de los trabajadores\u201d, anunci\u00f3 este viernes el Jefe Comunal.<\/p>\n<p>Ser\u00e1 la primera que vez en la historia de esta Provincia que los trabajadores del \u00e1mbito p\u00fablico ejerzan este derecho laboral. \u201cSer\u00e1 una mesa donde los trabajadores se sentar\u00e1n a negociar, de igual a igual, con los empleadores\u201d, dijo el intendente.<\/p>\n<p>Fabi\u00e1n R\u00edos adelant\u00f3 que participar\u00e1 de la primera reuni\u00f3n Paritaria en la que va a exponer \u201clos problemas e incertidumbres econ\u00f3micas que estamos afrontando\u201d dijo en referencia a los recortes compulsivos de fondos que el Gobierno provincial le est\u00e1 aplicando al Municipio capitalino.<\/p>\n<p>\u201cNecesitamos certezas sobre si va a existir voluntad de conciliar deudas (con la Provincia) o si nos van a dar otros manotazos a la coparticipaci\u00f3n, lo que va a complicar nuestras posibilidades financieras de programar hacia adelante\u201d, explic\u00f3 el Intendente.<\/p>\n<p>De acuerdo a lo dispuesto en la Ordenanza N\u00b0 6022, sancionada por el Concejo Deliberante, y promulgada por el Intendente a trav\u00e9s de la Resoluci\u00f3n N\u00b0 86\/2013; la representaci\u00f3n del Departamento Ejecutivo en la negociaci\u00f3n colectiva estar\u00e1 compuesta por tres (3) funcionarios, de los cuales al menos uno deber\u00e1 tener jerarqu\u00eda de Secretario de \u00c1rea.<\/p>\n<p>En tanto que la representaci\u00f3n del Concejo Deliberante ser\u00e1 tambi\u00e9n de tres (3) representantes, debiendo ser uno de ellos por lo menos Secretario o Prosecretario del HCD designado por el Cuerpo Deliberativo en sesi\u00f3n.<\/p>\n<p>Los mismos ser\u00e1n designados por Resoluci\u00f3n del Intendente Municipal y por el Presidente del Concejo Deliberante, respectivamente, las cuales deber\u00e1n contemplar la misma cantidad de representantes suplentes.<\/p>\n<p>La representaci\u00f3n gremial ser\u00e1 ejercida por las entidades sindicales reconocidas en el art\u00edculo 83 de la Ordenanza N\u00b0 3641, y estar\u00e1 compuesta por tres (3) representantes titulares y otros tantos suplentes, todos ellos afiliados a dichas entidades.<\/p>\n<p>Estos representantes ser\u00e1n designados por la Asociaci\u00f3n de Obreros y Empleados Municipales (AOEM), o quien en el futuro represente a los trabajadores municipales, o por la Federaci\u00f3n de Sindicatos de Trabajadores Municipales (FESTRAMCO), en caso que la primera delegue en esta \u00faltima dicha representaci\u00f3n.<\/p>\n<p>La autoridad de aplicaci\u00f3n de la Ordenanza N\u00b0 6022\/2013, ser\u00e1 la Secretar\u00eda de Recursos Humanos y Relaciones Laborales de la Municipalidad de Corrientes, cuyo representante participar\u00e1 con voz, pero no con voto, de la negociaci\u00f3n colectiva.<\/p>\n<p>Son deberes y facultades de la autoridad de aplicaci\u00f3n: convocar a la constituci\u00f3n de la Comisi\u00f3n Paritaria; aportar elementos o pautas que permitan el normal funcionamiento de la Comisi\u00f3n; y determinar el espacio f\u00edsico para las reuniones de la Comisi\u00f3n Negociadora.<\/p>\n<p>El \u00e1rea en cuesti\u00f3n tambi\u00e9n deber\u00e1 coordinar reuniones y temarios en el seno de la Comisi\u00f3n; llevar a cabo todos los actos de mediaci\u00f3n tendientes a favorecer las negociaciones, como as\u00ed tambi\u00e9n constituirse en \u00f3rgano consultivo de las partes respecto a las cuestiones que puedan surgir del temario de la negociaci\u00f3n.<\/p>\n<h6>Fuente: El Litoral de Corrientes<\/h6>\n","protected":false},"excerpt":{"rendered":"<p>El primer encuentro de negociaciones colectivas, entre la Municipalidad de la Ciudad de Corrientes y sus trabajadores, se realizar\u00e1 el pr\u00f3ximo jueves 20. Ser\u00e1 la primera vez que en la Provincia de Corrientes agentes estatales ejerzan este derecho. \u201cSer\u00e1 una mesa donde los trabajadores se sentar\u00e1n a negociar, de igual a igual, con los empleadores\u201d,<\/p>\n","protected":false},"author":1,"featured_media":1086,"comment_status":"closed","ping_status":"closed","sticky":false,"template":"","format":"standard","meta":{"footnotes":""},"categories":[7],"tags":[13],"class_list":["post-1085","post","type-post","status-publish","format-standard","has-post-thumbnail","hentry","category-informe-sindical","tag-corrientes"],"_links":{"self":[{"href":"http:\/\/argentinamunicipal.com.ar\/argentina\/wp-json\/wp\/v2\/posts\/1085","targetHints":{"allow":["GET"]}}],"collection":[{"href":"http:\/\/argentinamunicipal.com.ar\/argentina\/wp-json\/wp\/v2\/posts"}],"about":[{"href":"http:\/\/argentinamunicipal.com.ar\/argentina\/wp-json\/wp\/v2\/types\/post"}],"author":[{"embeddable":true,"href":"http:\/\/argentinamunicipal.com.ar\/argentina\/wp-json\/wp\/v2\/users\/1"}],"replies":[{"embeddable":true,"href":"http:\/\/argentinamunicipal.com.ar\/argentina\/wp-json\/wp\/v2\/comments?post=1085"}],"version-history":[{"count":0,"href":"http:\/\/argentinamunicipal.com.ar\/argentina\/wp-json\/wp\/v2\/posts\/1085\/revisions"}],"wp:featuredmedia":[{"embeddable":true,"href":"http:\/\/argentinamunicipal.com.ar\/argentina\/wp-json\/wp\/v2\/media\/1086"}],"wp:attachment":[{"href":"http:\/\/argentinamunicipal.com.ar\/argentina\/wp-json\/wp\/v2\/media?parent=1085"}],"wp:term":[{"taxonomy":"category","embeddable":true,"href":"http:\/\/argentinamunicipal.com.ar\/argentina\/wp-json\/wp\/v2\/categories?post=1085"},{"taxonomy":"post_tag","embeddable":true,"href":"http:\/\/argentinamunicipal.com.ar\/argentina\/wp-json\/wp\/v2\/tags?post=1085"}],"curies":[{"name":"wp","href":"https:\/\/api.w.org\/{rel}","templated":true}]}}