{"id":108505,"date":"2020-10-27T05:26:45","date_gmt":"2020-10-27T08:26:45","guid":{"rendered":"http:\/\/argentinamunicipal.com.ar\/argentina\/?p=108505"},"modified":"2020-10-26T19:37:37","modified_gmt":"2020-10-26T22:37:37","slug":"alberto-fernandez-devaluar-es-facil-pero-es-una-maquina-de-crear-pobreza","status":"publish","type":"post","link":"http:\/\/argentinamunicipal.com.ar\/argentina\/alberto-fernandez-devaluar-es-facil-pero-es-una-maquina-de-crear-pobreza\/","title":{"rendered":"Alberto Fern\u00e1ndez: \u00abDevaluar es f\u00e1cil, pero es una m\u00e1quina de crear pobreza\u00bb"},"content":{"rendered":"<p>El Presidente habl\u00f3 sobre el d\u00f3lar y dijo que no lo pondr\u00e1 \u00abal precio que algunos poderosos necesitan\u00bb. La brecha con el blue hoy supera el 130%.<\/p>\n<p>El presidente\u00a0Alberto Fern\u00e1ndez\u00a0se refiri\u00f3 este lunes a la\u00a0devaluaci\u00f3n\u00a0y dijo que el Gobierno quiere\u00a0conseguir los d\u00f3lares en base a \u201cuna Argentina que crezca, que se desarrolle, que de trabajo, que produzca y exporte\u201d y\u00a0\u201cno porque lo pusimos al precio que algunos poderosos necesitan\u201d.<\/p>\n<p>\u00abDevaluar es f\u00e1cil, pero es una m\u00e1quina de crear pobreza\u00bb, sostuvo al encabezar hoy en el municipio bonaerense de Ezeiza un acto de entrega de viviendas para familias de las provincias de Buenos Aires y R\u00edo Negro, y obras de reactivaci\u00f3n de viviendas para Formosa y La Rioja.<\/p>\n<p>\u201cVinimos para hacernos cargo.\u00a0Muchos quieren desviarnos y hacernos creer que tenemos que atender otros problemas de peque\u00f1as minor\u00edas\u00a0que quieren que uno responda a sus intereses y se olvide de lo que todos estos argentinos est\u00e1n necesitando\u201d, lanz\u00f3 Fern\u00e1ndez en referencia a la oposici\u00f3n.<\/p>\n<p>En ese marco, pidi\u00f3 \u201ctener memoria\u201d y recordar lo que sucedi\u00f3 cuando el gobierno de Mauricio Macri subi\u00f3 seis pesos el\u00a0d\u00f3lar: \u201cSi alguno quiere saber lo que le pasa a la Argentina que deval\u00faa vuelvan a escucharlo a Gildo (Insfr\u00e1n) y lo que les pas\u00f3 cuando llevaron el d\u00f3lar de 9 pesos a casi 15. Paralizaron las obras en Formosa. Tenemos que tener esa memoria porque\u00a0devaluar es muy f\u00e1cil, pero es una m\u00e1quina de generar pobreza\u201d.<\/p>\n<p>\u201cQueremos una Argentina que crezca, que se desarrolle, que de trabajo, que produzca y exporte.\u00a0As\u00ed queremos conseguir los d\u00f3lares, no porque lo pusimos al precio que algunos poderosos necesitan\u201d, sostuvo el Presidente.<\/p>\n<p>En este sentido, el mandatario agreg\u00f3: \u00abVamos a seguir trabajando y vamos a afrontar, y si quieren dar pelea, daremos pelea\u00bb.<\/p>\n<p>\u00abNo llegamos al Gobierno para cruzar los brazos ni para obedecer, sino que llegamos para obedecer a quienes nos votaron\u00bb, complet\u00f3 Alberto Fern\u00e1ndez en el discurso que pronunci\u00f3 al encabezar el acto de entrega de viviendas en el marco del Programa ProcreAr.<\/p>\n<p>Durante el mensaje record\u00f3 que, durante la gesti\u00f3n de Cambiemos, hubo \u00ab11.000 viviendas\u00bb que \u00abestaban terminadas\u00bb y \u00abno fueron entregadas\u00bb, al igual que sucedi\u00f3 con hospitales en la provincia de Buenos Aires y dej\u00f3 en claro que la responsabilidad de esta situaci\u00f3n \u00absiempre\u00bb es de los que gobiernan y no de la gente.<\/p>\n<p>\u201cEs muy dif\u00edcil explicarle al mundo que hubo 11 mil viviendas como estas que dejaron de hacerse o no se entregaron, vaya a saber por qu\u00e9 raz\u00f3n. Por la misma raz\u00f3n que una gobernadora decidi\u00f3 no hacer mas hospitales en la provincia de Buenos Aires sin pensar que alguna vez pod\u00eda ocurrir lo que tr\u00e1gicamente nos ocurri\u00f3: que caiga una pandemia y los argentinos necesiten un hospital p\u00fablico donde ser atendidos\u201d, dijo Alberto Fern\u00e1ndez en referencia a Mar\u00eda Eugenia Vidal.<\/p>\n<h6>Fuente: Minuto Uno<\/h6>\n","protected":false},"excerpt":{"rendered":"<p>El Presidente habl\u00f3 sobre el d\u00f3lar y dijo que no lo pondr\u00e1 \u00abal precio que algunos poderosos necesitan\u00bb. La brecha con el blue hoy supera el 130%.<\/p>\n","protected":false},"author":2,"featured_media":108506,"comment_status":"closed","ping_status":"closed","sticky":false,"template":"","format":"standard","meta":{"footnotes":""},"categories":[8],"tags":[21],"class_list":["post-108505","post","type-post","status-publish","format-standard","has-post-thumbnail","hentry","category-informe-nacional","tag-argentina"],"_links":{"self":[{"href":"http:\/\/argentinamunicipal.com.ar\/argentina\/wp-json\/wp\/v2\/posts\/108505","targetHints":{"allow":["GET"]}}],"collection":[{"href":"http:\/\/argentinamunicipal.com.ar\/argentina\/wp-json\/wp\/v2\/posts"}],"about":[{"href":"http:\/\/argentinamunicipal.com.ar\/argentina\/wp-json\/wp\/v2\/types\/post"}],"author":[{"embeddable":true,"href":"http:\/\/argentinamunicipal.com.ar\/argentina\/wp-json\/wp\/v2\/users\/2"}],"replies":[{"embeddable":true,"href":"http:\/\/argentinamunicipal.com.ar\/argentina\/wp-json\/wp\/v2\/comments?post=108505"}],"version-history":[{"count":0,"href":"http:\/\/argentinamunicipal.com.ar\/argentina\/wp-json\/wp\/v2\/posts\/108505\/revisions"}],"wp:featuredmedia":[{"embeddable":true,"href":"http:\/\/argentinamunicipal.com.ar\/argentina\/wp-json\/wp\/v2\/media\/108506"}],"wp:attachment":[{"href":"http:\/\/argentinamunicipal.com.ar\/argentina\/wp-json\/wp\/v2\/media?parent=108505"}],"wp:term":[{"taxonomy":"category","embeddable":true,"href":"http:\/\/argentinamunicipal.com.ar\/argentina\/wp-json\/wp\/v2\/categories?post=108505"},{"taxonomy":"post_tag","embeddable":true,"href":"http:\/\/argentinamunicipal.com.ar\/argentina\/wp-json\/wp\/v2\/tags?post=108505"}],"curies":[{"name":"wp","href":"https:\/\/api.w.org\/{rel}","templated":true}]}}