{"id":108512,"date":"2020-10-27T05:00:58","date_gmt":"2020-10-27T08:00:58","guid":{"rendered":"http:\/\/argentinamunicipal.com.ar\/argentina\/?p=108512"},"modified":"2020-10-26T19:42:51","modified_gmt":"2020-10-26T22:42:51","slug":"georgieva-insto-a-gobiernos-latinoamericanos-a-mantener-las-ayudas-hasta-que-se-recupere-la-economia","status":"publish","type":"post","link":"http:\/\/argentinamunicipal.com.ar\/argentina\/georgieva-insto-a-gobiernos-latinoamericanos-a-mantener-las-ayudas-hasta-que-se-recupere-la-economia\/","title":{"rendered":"Georgieva inst\u00f3 a gobiernos latinoamericanos a mantener las ayudas hasta que se recupere la econom\u00eda"},"content":{"rendered":"<p>La directora gerente del FMI record\u00f3 que las previsiones para el PBI de Am\u00e9rica Latina apuntan a \u00abuna contracci\u00f3n del 8,1% este a\u00f1o, con 50 millones de personas m\u00e1s inmersas en la pobreza y una desigualdad elevada.<\/p>\n<p>La directora gerente del Fondo Monetario Internacional (FMI), Kristalina Georgieva, exhort\u00f3 este lunes a los gobiernos de Am\u00e9rica Latina y el Caribe a mantener los apoyos econ\u00f3micos y fiscales en medio de la pandemia de coronavirus, al menos hasta que la recuperaci\u00f3n de la actividad est\u00e9 encauzada, .<\/p>\n<p>Georgieva inaugur\u00f3, en San Jos\u00e9, Costa Rica, el 38\u00b0 per\u00edodo de sesiones de la Comisi\u00f3n Econ\u00f3mica para Am\u00e9rica Latina y el Caribe (Cepal) y dijo que el FMI prest\u00f3 a la regi\u00f3n unos 64.000 millones de d\u00f3lares y que el organismo est\u00e1 dispuesto \u00aba hacer m\u00e1s\u00bb, seg\u00fan reporta la agencia Europa Press.<\/p>\n<p>En su intervenci\u00f3n, la directora gerente del FMI record\u00f3 que las previsiones para el PBI de Am\u00e9rica Latina apuntan a \u00abuna contracci\u00f3n del 8,1% este a\u00f1o, con 50 millones de personas m\u00e1s inmersas en la pobreza y una desigualdad elevada que impedir\u00e1 alcanzar los niveles de actividad prepandemia hasta, al menos, el 2023\u00bb.<\/p>\n<p>\u00abEsta es una oportunidad \u00fanica en un siglo para construir un mundo que sea m\u00e1s justo, y equitativo, m\u00e1s verde y sostenible, m\u00e1s inteligente y resiliente frente a los cambios\u00bb, dijo Georgieva frente a un auditorio que inclu\u00eda a los presidentes de Costa Rica, Carlos Alvarado; y de Cuba, Miguel D\u00edaz-Canel; el secretario general de la Organizaci\u00f3n para la Cooperaci\u00f3n y el Desarrollo Econ\u00f3mico (OCDE), \u00c1ngel Gurr\u00eda; y el secretario general de la Organizaci\u00f3n de Naciones Unidas (ONU), Ant\u00f3nio Guterres, entre otros.<\/p>\n<p>Gurr\u00eda afirm\u00f3 que \u00abla \u00fanica manera de salir de esta crisis y evitar que vuelva a suceder algo \u00abtan grave\u00bb es \u00abreconstruir mejor\u00bb.<\/p>\n<p>El secretario de la OCDE apost\u00f3 por \u00abestablecer un nuevo pacto social, con el objetivo principal de lograr el bienestar social, que cuente con elementos como la inclusi\u00f3n social, el papel de la mujer en el empleo de la regi\u00f3n, la mejora de calidad de los servicios p\u00fablicos, la innovaci\u00f3n, la sostenibilidad ambiental y la cooperaci\u00f3n internacional.<\/p>\n<p>En lo referente a sostenibilidad fiscal, Gurr\u00eda sostuvo que, a pesar de una alta heterogeneidad fiscal en Am\u00e9rica Latina, los ingresos fiscales de la regi\u00f3n \u00abson<\/p>\n<p>bajos\u00bb, alcanzando una media de aproximadamente el 23% del PBI frente al 34% de la media de los pa\u00edses de la OCDE.<\/p>\n<p>A su turno, Guterres destac\u00f3 que desde el principio de la pandemia ha abogado por un paquete de emergencia equivalente a al menos el 10% de la econom\u00eda global. \u00abNecesitamos compromiso colectivo para permitir que todos los pa\u00edses tengan espacio fiscal para sus medidas de respuesta y recuperaci\u00f3n\u00bb, enfatiz\u00f3 Guterres.<\/p>\n<p>Adem\u00e1s, Guterres hizo eco de las propuestas presentadas por la secretaria ejecutiva de Cepal, Alicia B\u00e1rcena, para avanzar hacia un ingreso b\u00e1sico en la regi\u00f3n, extender plazos y financiamientos a las micro y peque\u00f1as empresas y cerrar las brechas digitales.<\/p>\n<p>\u00abLa crisis que sufre Am\u00e9rica Latina y el Caribe en 2020, con una ca\u00edda del PBI del 9,1%, ser\u00e1 la peor en toda su historia. A fines del 2020, el nivel de PBI per c\u00e1pita ser\u00eda igual al de 2010, es decir, habr\u00eda un retroceso de 10 a\u00f1os con fuerte aumento de la desigualdad y la pobreza\u00bb, apunt\u00f3 B\u00e1rcena.<\/p>\n<h6>Fuente: Telam<\/h6>\n","protected":false},"excerpt":{"rendered":"<p>La directora gerente del FMI record\u00f3 que las previsiones para el PBI de Am\u00e9rica Latina apuntan a \u00abuna contracci\u00f3n del 8,1% este a\u00f1o, con 50 millones de personas m\u00e1s inmersas en la pobreza y una desigualdad elevada.<\/p>\n","protected":false},"author":2,"featured_media":108513,"comment_status":"closed","ping_status":"closed","sticky":false,"template":"","format":"standard","meta":{"footnotes":""},"categories":[8],"tags":[21],"class_list":["post-108512","post","type-post","status-publish","format-standard","has-post-thumbnail","hentry","category-informe-nacional","tag-argentina"],"_links":{"self":[{"href":"http:\/\/argentinamunicipal.com.ar\/argentina\/wp-json\/wp\/v2\/posts\/108512","targetHints":{"allow":["GET"]}}],"collection":[{"href":"http:\/\/argentinamunicipal.com.ar\/argentina\/wp-json\/wp\/v2\/posts"}],"about":[{"href":"http:\/\/argentinamunicipal.com.ar\/argentina\/wp-json\/wp\/v2\/types\/post"}],"author":[{"embeddable":true,"href":"http:\/\/argentinamunicipal.com.ar\/argentina\/wp-json\/wp\/v2\/users\/2"}],"replies":[{"embeddable":true,"href":"http:\/\/argentinamunicipal.com.ar\/argentina\/wp-json\/wp\/v2\/comments?post=108512"}],"version-history":[{"count":0,"href":"http:\/\/argentinamunicipal.com.ar\/argentina\/wp-json\/wp\/v2\/posts\/108512\/revisions"}],"wp:featuredmedia":[{"embeddable":true,"href":"http:\/\/argentinamunicipal.com.ar\/argentina\/wp-json\/wp\/v2\/media\/108513"}],"wp:attachment":[{"href":"http:\/\/argentinamunicipal.com.ar\/argentina\/wp-json\/wp\/v2\/media?parent=108512"}],"wp:term":[{"taxonomy":"category","embeddable":true,"href":"http:\/\/argentinamunicipal.com.ar\/argentina\/wp-json\/wp\/v2\/categories?post=108512"},{"taxonomy":"post_tag","embeddable":true,"href":"http:\/\/argentinamunicipal.com.ar\/argentina\/wp-json\/wp\/v2\/tags?post=108512"}],"curies":[{"name":"wp","href":"https:\/\/api.w.org\/{rel}","templated":true}]}}