{"id":108515,"date":"2020-10-27T05:43:42","date_gmt":"2020-10-27T08:43:42","guid":{"rendered":"http:\/\/argentinamunicipal.com.ar\/argentina\/?p=108515"},"modified":"2020-10-26T19:46:56","modified_gmt":"2020-10-26T22:46:56","slug":"el-apoyo-abierto-de-bolsonaro-a-trump-incomoda-a-excancilleres","status":"publish","type":"post","link":"http:\/\/argentinamunicipal.com.ar\/argentina\/el-apoyo-abierto-de-bolsonaro-a-trump-incomoda-a-excancilleres\/","title":{"rendered":"El apoyo abierto de Bolsonaro a Trump incomoda a excancilleres"},"content":{"rendered":"<p>No hay registro, al menos en la historia reciente, de un mandatario brasile\u00f1o deslumbrado por un ocupante de la Casa Blanca al punto de ponerse \u00e9l y su familia al servicio de la campa\u00f1a electoral.<\/p>\n<p>\u00abJes\u00fas ampara a nuestro presidente Jair Messias Bolsonaro (..) env\u00eda \u00e1ngeles para protegerlo y bendice a las naciones aliadas como Estados Unidos\u00bb. Despu\u00e9s de escuchar la oraci\u00f3n de un pastor evang\u00e9lico Bolsonaro salud\u00f3 al grupo de simpatizantes que lo despidieron con aleluyas en la ma\u00f1ana de este lunes en el ingreso a la residencia oficial, el Palacio de Alvorada.<\/p>\n<p>A una semana de las elecciones norteamericanas el bolsonarismo m\u00e1s acendrado, que tiene su n\u00facleo en el clan familiar formado por el gobernante y sus hijos, secundado por un grupo de evang\u00e9licos sionistas y activistas de ultraderecha, est\u00e1 entregado en cuerpo y alma a la victoria de Donald Trump a pesar de que \u00e9ste no aparezca como favorito en las encuestas y haya tenido un desempe\u00f1o modesto en su \u00faltimo debate frente a Joe Biden el jueves pasado.<\/p>\n<p>Poco antes del duelo de los candidatos presidenciales norteamericanos en Nashville, en Brasilia Bolsonaro anunciaba su voto apasionado por Trump.\u00a0\u00abDesde el primer instante que tom\u00e9 contacto con el se\u00f1or presidente Donald Trump naci\u00f3 entre nosotros un sentimiento de cooperaci\u00f3n,\u00a0espero comparecer a la posesi\u00f3n del presidente que en breve ser\u00e1 reelecto, no puedo esconder esto, lo digo de coraz\u00f3n, pero no quiero interferir\u00bb en la campa\u00f1a electoral.<\/p>\n<p>Lo afirm\u00f3 en el Palacio Itarmaray, sede del Ministerio de Relaciones Exteriores, un par de horas depu\u00e9s de recibir al consejero de Seguridad Nacional norteamericano, Robert O\u00b4Brien con quien analiz\u00f3 algunos \u00abtemas reservados\u00bb de la agenda bilateral acerca de los cuales no brind\u00f3 detalles. Pero se infiere que en ese temario puede estar relacionado con la seguridad y defensa sudamericanas, con sus fronteras cada vez m\u00e1s calientes desde que Bolsonaro lleg\u00f3 al Planalto.<\/p>\n<p>La semana pasada el presidente y el funcionario estadounidense, que visit\u00f3 Brasilia y San Pablo, dispararon cr\u00edticas contra China y la empresa de ese pa\u00eds Huawei, l\u00edder en tecnolog\u00eda para transmisi\u00f3n de datos 5G.<\/p>\n<p>Bolsonaro lleg\u00f3 a decir en esos d\u00edas que no permitir\u00e1 la inmunizaci\u00f3n en masa con la vacuna Coronavac, contra el coronavirus porque procede de China,\u00a0el pa\u00eds donde se habr\u00eda engendrado la dolencia, una fake news calcada del discurso electoral trumpista.<\/p>\n<p>El respaldo expl\u00edcito dado a la reelecci\u00f3n de Trump no tom\u00f3 a nadie por sorpresa\u00a0( lo hab\u00eda manifestado varias veces en los \u00faltimos meses) , pero al parecer incomod\u00f3 a algunos diplom\u00e1ticos de carrera respetuosos de valores arraigados en la pol\u00edtica externa brasile\u00f1a, como el principio de la no injerencia en asuntos internos de terceros pa\u00edses.<\/p>\n<p>No hay registro, al menos en la historia reciente, de un presidente brasile\u00f1o deslumbrado por un ocupante de la Casa Blanca al punto de ponerse \u00e9l y su familia al servicio de la campa\u00f1a electoral desde hace casi dos a\u00f1os.<\/p>\n<p>El diputado Eduardo Bolsonaro, operador internacional de su padre, se pase\u00f3 por Washington luciendo un gorrito con la frase \u00abTrump 2020\u00bb a fines de 2018.<\/p>\n<p>Este alineamiento incondicional ser\u00e1 un pasivo nada f\u00e1cil de revertir en caso de que Joe Biden sea electo dentro de ocho d\u00edas. Pr\u00e1cticamente no existe interlocuci\u00f3n con el Partido Dem\u00f3crata desde donde suelen dispararse cr\u00edticas contra Bolsonaro por su pol\u00edtica de derechos humanos y ambiental, como lo hizo el propio Biden en el anterior debate frente a Trump.<\/p>\n<p>La presidenta de la C\u00e1mara de Representantes, Nancy Pelosi, dem\u00f3crata, no tuvo un hueco en su agenda para recibir a Bolsonaro en su primera visita oficial a Washington marzo de 2019.<\/p>\n<p>Poco despu\u00e9s , en abril del a\u00f1o pasado, el tambi\u00e9n\u00a0dem\u00f3crata alcalde de Nueva York, Bill de Blasio, defini\u00f3 al brasile\u00f1o como una persona \u00abpeligrosa\u00bb y \u00abno grata\u00bb, repudio al que se sumaron activistas de la comunidad LGBT y defensores de la Amazonia.<\/p>\n<p>Es verdad que cada presidente tuvo sus preferencias en los comicios norteamericanos: en los neoliberales a\u00f1os 90 Fernando Henrique Cardoso simpatizaba con Bill Clinton. Y en la d\u00e9cada pasada Luiz In\u00e1cio Lula da Silva expres\u00f3, con sobriedad, su inclinaci\u00f3n por el candidato dem\u00f3crata Barack Obama frente al general republicano John McCain. Pero nadie derrap\u00f3 en la devoci\u00f3n que Bolsonaro cultiva por Trump.<\/p>\n<p>Se trata de una actitud censurada por los excancilleres Celso Lafer y Francisco Rezek, que sirvieron a los gobiernos derechistas de Cardoso y Fernando Collor de Mello y Celso Amorim, el diplom\u00e1tico responsable de la pol\u00edtica externa \u00bb altiva y activa\u00bb durante los dos mandatos lulistas , entre enero de 2003 y diciembre de 2010.<\/p>\n<p>Lula declar\u00f3 a fines de octubre de 2018 , cuatro d\u00edas antes de los comicios norteamericanos, que \u00abde la misma forma que Brasil eligi\u00f3 a un metal\u00fargico, que Bolivia eligi\u00f3 a un ind\u00edgena (Evo Morales) y Venezuela a Hugo Ch\u00e1vez (..) creo que ser\u00eda extraordinario que en la econom\u00eda m\u00e1s grande del mundo un negro fuera electo presidente\u00bb. Fue durante una visita a La Habana, donde repudi\u00f3 el bloqueo estadounidense contra Cuba, firm\u00f3 con Ra\u00fal Castro un contrato para que Petrobras busque petr\u00f3leo en el Golfo de M\u00e9xico y convers\u00f3 largo con Fidel.<\/p>\n<p>El comportamiento del actual presidente est\u00e1 en las ant\u00edpodas de Lula: convirti\u00f3 a Brasil en un gendarme a trav\u00e9s del cual Washington hostiliza tanto a Cuba como a Venezuela, y\u00a0es posible que en breve haya lo propio contra el inminente gobierno del presidente boliviano Luis Arce.<\/p>\n<p>El mes pasado el secretario de Estado, Mike Pompeo, aterriz\u00f3 en el estado amaz\u00f3nico de Roraima, en la frontera con Venezuela, donde el funcionario se pronunci\u00f3 por deposici\u00f3n del presidente Nicol\u00e1s Maduro.<\/p>\n<p>La actitud de Pompeo y el gobierno brasile\u00f1o, por darle cobertura, motivaron una reuni\u00f3n extraordinaria en el Senado donde parlamentarios reprobaron que Roraima se haya convertido en una tribuna al servicio de la \u00abcampa\u00f1a\u00bb electoral de Trump, destinada al estado de Florida, donde hay un electorado antichavista.<\/p>\n<h6>Fuente: P\u00e1gina 12<\/h6>\n","protected":false},"excerpt":{"rendered":"<p>No hay registro, al menos en la historia reciente, de un mandatario brasile\u00f1o deslumbrado por un ocupante de la Casa Blanca al punto de ponerse \u00e9l y su familia al servicio de la campa\u00f1a electoral.\u00a0\u00a0<\/p>\n","protected":false},"author":2,"featured_media":108516,"comment_status":"closed","ping_status":"closed","sticky":false,"template":"","format":"standard","meta":{"footnotes":""},"categories":[22],"tags":[57],"class_list":["post-108515","post","type-post","status-publish","format-standard","has-post-thumbnail","hentry","category-el-mundo","tag-el-mundo"],"_links":{"self":[{"href":"http:\/\/argentinamunicipal.com.ar\/argentina\/wp-json\/wp\/v2\/posts\/108515","targetHints":{"allow":["GET"]}}],"collection":[{"href":"http:\/\/argentinamunicipal.com.ar\/argentina\/wp-json\/wp\/v2\/posts"}],"about":[{"href":"http:\/\/argentinamunicipal.com.ar\/argentina\/wp-json\/wp\/v2\/types\/post"}],"author":[{"embeddable":true,"href":"http:\/\/argentinamunicipal.com.ar\/argentina\/wp-json\/wp\/v2\/users\/2"}],"replies":[{"embeddable":true,"href":"http:\/\/argentinamunicipal.com.ar\/argentina\/wp-json\/wp\/v2\/comments?post=108515"}],"version-history":[{"count":0,"href":"http:\/\/argentinamunicipal.com.ar\/argentina\/wp-json\/wp\/v2\/posts\/108515\/revisions"}],"wp:featuredmedia":[{"embeddable":true,"href":"http:\/\/argentinamunicipal.com.ar\/argentina\/wp-json\/wp\/v2\/media\/108516"}],"wp:attachment":[{"href":"http:\/\/argentinamunicipal.com.ar\/argentina\/wp-json\/wp\/v2\/media?parent=108515"}],"wp:term":[{"taxonomy":"category","embeddable":true,"href":"http:\/\/argentinamunicipal.com.ar\/argentina\/wp-json\/wp\/v2\/categories?post=108515"},{"taxonomy":"post_tag","embeddable":true,"href":"http:\/\/argentinamunicipal.com.ar\/argentina\/wp-json\/wp\/v2\/tags?post=108515"}],"curies":[{"name":"wp","href":"https:\/\/api.w.org\/{rel}","templated":true}]}}