{"id":108524,"date":"2020-10-27T05:08:22","date_gmt":"2020-10-27T08:08:22","guid":{"rendered":"http:\/\/argentinamunicipal.com.ar\/argentina\/?p=108524"},"modified":"2020-10-26T20:12:13","modified_gmt":"2020-10-26T23:12:13","slug":"la-provincia-de-buenos-aires-se-priva-de-mas-de-1-mil-millones-al-ano-por-los-barrios-privados-sin-habilitacion","status":"publish","type":"post","link":"http:\/\/argentinamunicipal.com.ar\/argentina\/la-provincia-de-buenos-aires-se-priva-de-mas-de-1-mil-millones-al-ano-por-los-barrios-privados-sin-habilitacion\/","title":{"rendered":"La Provincia de Buenos Aires se priva de m\u00e1s de 1 mil millones al a\u00f1o por los barrios privados sin habilitaci\u00f3n"},"content":{"rendered":"<p>El titular de ARBA, Cristian Girard, dijo que se modific\u00f3 la verdadera frase de Kicillof y advirti\u00f3 que la Provincia se priva de m\u00e1s de 1 mil millones al a\u00f1o por los barrios privados sin habilitaci\u00f3n.<\/p>\n<p>Una declaraci\u00f3n de\u00a0Axel\u00a0Kicillof\u00a0gener\u00f3 controversias este s\u00e1bado, cuando varios medios de comunicaci\u00f3n aseguraron que el gobernador de la provincia hab\u00eda\u00a0comparado a los countries y\u00a0barrios\u00a0privados\u00a0con las \u201ctomas de tierra\u201d.\u00a0La frase exacta de Kicillof fue en referencia a que\u00a0\u201cla mayor\u00eda de los barrios privados y countries no est\u00e1n habilitados, entonces no pagan impuestos\u00bb,\u00a0por lo que \u2013consider\u00f3 el mandatario bonaerense- \u00abson pr\u00e1cticamente ocupaciones de tierra\u00bb.<\/p>\n<p>La comparaci\u00f3n no fue inocente si se tiene en cuenta que por estas horas corre una pr\u00f3rroga judicial para que el gobierno de la provincia gane tiempo y pueda resolver el conflicto con la toma de Guernica, en donde m\u00e1s de 1.400 familias se encuentran a la espera de lograr acceder a un pedazo de tierra en donde vivir.<\/p>\n<p>Pero el titular de la Agencia de Recaudaci\u00f3n Bonaerense (ARBA),\u00a0Cristian Girard,\u00a0agreg\u00f3 un dato que puso de manifiesto que \u2013en cuesti\u00f3n- los barrios privados que no tienen habilitaci\u00f3n correspondiente,\u00a0no pagan impuestos y le generan un costo millonario para las arcas de las provincia.<\/p>\n<p>Para Girard, \u201cno tiene sentido pensar que Kicillof ataca a los bonaerenses que viven en countries\u201d y respald\u00f3 al gobernador, asegurando que en realidad \u201cestaba hablando del uso de la tierras y de la creaci\u00f3n de una unidad de h\u00e1bitat y vivienda en la provincia como forma de dar respuesta a una problem\u00e1tica que se expresa en la toma de Guernica pero tambi\u00e9n en cuestiones como el desarrollo de urbanizaciones cerradas\u00bb.<\/p>\n<p>\u00abPlantearlo como un &#8216;ellos o nosotros&#8217; es parte de la l\u00f3gica pol\u00edtica de una oposici\u00f3n que est\u00e1 en &#8216;modo oposici\u00f3n full&#8217;\u00a0en un contexto muy delicado, como el que estamos viviendo\u00bb, consider\u00f3 Girard, que dej\u00f3 sobre la mesa un dato fundamental para comprender por qu\u00e9 Kicillof tambi\u00e9n hizo hincapi\u00e9 en los barrios privados.<\/p>\n<p>Seg\u00fan el titular de la Agencia de Recaudaci\u00f3n bonaerense, en la provincia hay un total de\u00a0871 barrios cerrados, de los cuales \u00abun 25% (230) no est\u00e1 registrado formalmente, por lo que no paga los impuestos correspondientes\u00bb.<\/p>\n<p>De esta forma,\u00a0el gobierno de la provincia se priva de contar como m\u00ednimo, de al menos 1.500 millones de pesos al a\u00f1o para el fisco bonaerense.\u00a0Un ingreso que bien podr\u00eda ayudar a resolver problemas habitacionales en el territorio bonaerense, hoy de nuevo impactado por el fantasma de las tomas.<\/p>\n<p>En ese sentido, Girard cont\u00f3 que desde ARBA se realizan inspecciones oculares presenciales sobre esas urbanizaciones cerradas, luego se les cursan notificaciones e intimaciones, y \u00abah\u00ed avanza el tr\u00e1mite, que muchas veces termina judicializado porque los desarrolladores eligen no pagar\u00bb.<\/p>\n<p>Al respecto, Girard dijo que tambi\u00e9n la fiscalizaci\u00f3n satelital permite al organismo recaudador detectar metros cuadrados construidos no declarados.<\/p>\n<p>\u00abAh\u00ed tenemos unos\u00a0200 millones de pesos de evasi\u00f3n de metros no declarados ante ARBA. Sobre eso, notificamos, determinamos de oficio y se va poniendo en regla. Vamos avanzando, pero todav\u00eda falta\u00bb, enfatiz\u00f3 el funcionario.<\/p>\n<h6>Fuente: InfoCielo<\/h6>\n","protected":false},"excerpt":{"rendered":"<p>El titular de ARBA, Cristian Girard, dijo que se modific\u00f3 la verdadera frase de Kicillof y advirti\u00f3 que la Provincia se priva de m\u00e1s de 1 mil millones al a\u00f1o por los barrios privados sin habilitaci\u00f3n.<\/p>\n","protected":false},"author":2,"featured_media":108525,"comment_status":"closed","ping_status":"closed","sticky":false,"template":"","format":"standard","meta":{"footnotes":""},"categories":[65],"tags":[12],"class_list":["post-108524","post","type-post","status-publish","format-standard","has-post-thumbnail","hentry","category-provincias","tag-buenos-aires"],"_links":{"self":[{"href":"http:\/\/argentinamunicipal.com.ar\/argentina\/wp-json\/wp\/v2\/posts\/108524","targetHints":{"allow":["GET"]}}],"collection":[{"href":"http:\/\/argentinamunicipal.com.ar\/argentina\/wp-json\/wp\/v2\/posts"}],"about":[{"href":"http:\/\/argentinamunicipal.com.ar\/argentina\/wp-json\/wp\/v2\/types\/post"}],"author":[{"embeddable":true,"href":"http:\/\/argentinamunicipal.com.ar\/argentina\/wp-json\/wp\/v2\/users\/2"}],"replies":[{"embeddable":true,"href":"http:\/\/argentinamunicipal.com.ar\/argentina\/wp-json\/wp\/v2\/comments?post=108524"}],"version-history":[{"count":0,"href":"http:\/\/argentinamunicipal.com.ar\/argentina\/wp-json\/wp\/v2\/posts\/108524\/revisions"}],"wp:featuredmedia":[{"embeddable":true,"href":"http:\/\/argentinamunicipal.com.ar\/argentina\/wp-json\/wp\/v2\/media\/108525"}],"wp:attachment":[{"href":"http:\/\/argentinamunicipal.com.ar\/argentina\/wp-json\/wp\/v2\/media?parent=108524"}],"wp:term":[{"taxonomy":"category","embeddable":true,"href":"http:\/\/argentinamunicipal.com.ar\/argentina\/wp-json\/wp\/v2\/categories?post=108524"},{"taxonomy":"post_tag","embeddable":true,"href":"http:\/\/argentinamunicipal.com.ar\/argentina\/wp-json\/wp\/v2\/tags?post=108524"}],"curies":[{"name":"wp","href":"https:\/\/api.w.org\/{rel}","templated":true}]}}