{"id":108548,"date":"2020-10-28T05:01:35","date_gmt":"2020-10-28T08:01:35","guid":{"rendered":"http:\/\/argentinamunicipal.com.ar\/argentina\/?p=108548"},"modified":"2020-10-27T19:04:42","modified_gmt":"2020-10-27T22:04:42","slug":"kicillof-lanzo-un-plan-para-impulsar-las-cooperativas-y-dijo-que-macri-y-vidal-despreciaron-al-sector","status":"publish","type":"post","link":"http:\/\/argentinamunicipal.com.ar\/argentina\/kicillof-lanzo-un-plan-para-impulsar-las-cooperativas-y-dijo-que-macri-y-vidal-despreciaron-al-sector\/","title":{"rendered":"Kicillof lanz\u00f3 un plan para impulsar las cooperativas y dijo que Macri y Vidal \u00abdespreciaron\u00bb al sector"},"content":{"rendered":"<p>\u00abEl Gobierno de Macri y Vidal le declararon la guerra al sector cooperativo. Nuestro objetivo es darle protagonismo a las cooperativas de la provincia\u00bb, dijo el mandatario bonaerense.<\/p>\n<p>El gobernador bonaerense, Axel Kicillof, lanz\u00f3 un plan de impulso econ\u00f3mico para las cooperativas de la provincia y afirm\u00f3 que el expresidente Mauricio Macri y la exgobernadora Mar\u00eda Eugenia Vidal \u00abdespreciaron\u00bb al sector.<\/p>\n<p>\u00abEl Gobierno de Macri y Vidal le declararon la guerra al sector cooperativo. Nuestro objetivo es darle protagonismo a las cooperativas de la provincia\u00bb, dijo el mandatario bonaerense.<\/p>\n<p>El mandatario formul\u00f3 esas declaraciones al lanzar en Florencio Varela junto al intendente Andr\u00e9s Watson y al ministro de Producci\u00f3n, Augusto Costa, el plan de impulso econ\u00f3mico \u00abCooperativas en Marcha\u00bb, mediante el cual se destinar\u00e1n 145 millones de pesos para el sector a trav\u00e9s de subsidios no reembolsables, l\u00edneas de cr\u00e9ditos y certificaci\u00f3n de calidad.<\/p>\n<p>\u00abEste programa viene a restituir y devolver un reconocimiento al sector cooperativo. Hay una ley que consist\u00eda en generar un fondo para el sector, que el neoliberalismo de Vidal y Macri decidi\u00f3 incumplir\u00bb,\u00a0cont\u00f3.<\/p>\n<p>Sostuvo que el Gobierno anterior \u00abfue como Robin Hood, pero al rev\u00e9s: le sacaron a los que m\u00e1s necesitaban para darle a los que m\u00e1s ten\u00edan\u00bb, por lo que analiz\u00f3 que la creaci\u00f3n del programa \u00abes un acto de justicia\u00bb para el sector.<\/p>\n<p>En ese sentido, record\u00f3 que la crisis de 2001 \u00abdej\u00f3 un tendal de empresas quebradas y trabajadores en la calle\u00bb.<\/p>\n<p>Destac\u00f3 que si bien los economistas \u00abponen siempre el eje en el capital\u00bb, \u00e9ste tiene que ver con \u00abcosas, fierros, engranajes o pantallas y el capital est\u00e1 muerto\u00bb.<\/p>\n<p>\u00abEl capital necesita que en frente de cada m\u00e1quina haya un trabajador que le d\u00e9 vida y convierta eso en un proceso porque el capital s\u00f3lo no produce. El capital no es otra cosa que el producto del trabajo\u00bb, continu\u00f3 Kicillof.<\/p>\n<p>\u00abTodo lo que tenemos desde una visi\u00f3n humanista, como nos recuerda el Papa Francisco, lo produce el hombre con su trabajo\u00bb, a\u00f1adi\u00f3 y remarc\u00f3 que \u00absi hay trabajo, hay salario, consumo, ingreso y bienestar\u00bb.<\/p>\n<p>Sostuvo el mandatario que \u00abse dijeron muchas cosas de las cooperativas: que son un resabio del pasado, una forma arcaica o voluntarista que no contribuye\u00bb y apunt\u00f3 que \u00aben el Gobierno de Macri y Vidal le declararon al sector cooperativo a punto tal que las leyes se propon\u00edan denigrar al sector y empujarlo a la desaparici\u00f3n\u00bb.<\/p>\n<p>\u00abConsiderando al cooperativas como si fueran comunes empresas que tienen como finalidad directa el lucro, quer\u00edan que paguen impuesto a las ganancias. Qu\u00e9 grado de desprecio y desconocimiento de la realidad tuvo la gobernadora con las miles de cooperativas que todos los d\u00edas hacen productos de enorme calidad en la provincia\u00bb, indic\u00f3.<\/p>\n<p>Luego, Kicillof se\u00f1al\u00f3 que para el macrismo \u00ablos emprendedores eran los de las pel\u00edculas norteamericanas, que en un garaje inventan algo, lo patentan, se hacen millonarios y se compran un yate\u00bb.<\/p>\n<p>\u00abAc\u00e1 son los trabajadores cooperativos y los peque\u00f1os emprendimientos que le ponen cabeza, ingenio y coraz\u00f3n para convertir un manojo de fierros en una fuente de ingresos y productos de primera calidad\u00bb,\u00a0dijo.<\/p>\n<p>\u00abHay que buscar la v\u00eda de la inclusi\u00f3n social porque es con todo y todas. Debemos darle los instrumentos para que se ponga el Estado a trabajar codo a codo con ellos\u00bb, afirm\u00f3 y dijo que \u00abcuando hay crisis, nuestro apoyo y acompa\u00f1amiento para que sean m\u00e1s grandes, mejores, y actores centrales en la vida pol\u00edtica, econ\u00f3mica y social de la provincia\u00bb, complet\u00f3.<\/p>\n<p><strong>C\u00f3mo es el plan<\/strong><\/p>\n<p>Los aportes no reembolsables para las cooperativas de hasta $250 mil ser\u00e1n para la compra de materias primas, fortalecer canales de comercializaci\u00f3n y transformaciones en el marco del Covid; mientras que hay otro de hasta $700 mil para financiar proyectos estrat\u00e9gicos: polos productivos cooperativos, innovaci\u00f3n y desarrollo; y encadenamiento productivo.<\/p>\n<p>Las l\u00edneas de cr\u00e9dito de hasta $3 millones con tasa del 9 al 18% ser\u00e1n para capital de trabajo, activo fijo y preinversi\u00f3n.<\/p>\n<p>A la vez, se otorgar\u00e1 una certificaci\u00f3n de calidad provincial para las cooperativas que alcancen determinados est\u00e1ndares cuyos beneficios ser\u00e1n una garant\u00eda de calidad, asistencia t\u00e9cnica, formaci\u00f3n, asesoramiento legal y administrativo, y vinculaci\u00f3n comercial.<\/p>\n<h6>Fuente: Telam<\/h6>\n","protected":false},"excerpt":{"rendered":"<p>\u00abEl Gobierno de Macri y Vidal le declararon la guerra al sector cooperativo. Nuestro objetivo es darle protagonismo a las cooperativas de la provincia\u00bb, dijo el mandatario bonaerense.<\/p>\n","protected":false},"author":2,"featured_media":108549,"comment_status":"closed","ping_status":"closed","sticky":false,"template":"","format":"standard","meta":{"footnotes":""},"categories":[65],"tags":[12],"class_list":["post-108548","post","type-post","status-publish","format-standard","has-post-thumbnail","hentry","category-provincias","tag-buenos-aires"],"_links":{"self":[{"href":"http:\/\/argentinamunicipal.com.ar\/argentina\/wp-json\/wp\/v2\/posts\/108548","targetHints":{"allow":["GET"]}}],"collection":[{"href":"http:\/\/argentinamunicipal.com.ar\/argentina\/wp-json\/wp\/v2\/posts"}],"about":[{"href":"http:\/\/argentinamunicipal.com.ar\/argentina\/wp-json\/wp\/v2\/types\/post"}],"author":[{"embeddable":true,"href":"http:\/\/argentinamunicipal.com.ar\/argentina\/wp-json\/wp\/v2\/users\/2"}],"replies":[{"embeddable":true,"href":"http:\/\/argentinamunicipal.com.ar\/argentina\/wp-json\/wp\/v2\/comments?post=108548"}],"version-history":[{"count":0,"href":"http:\/\/argentinamunicipal.com.ar\/argentina\/wp-json\/wp\/v2\/posts\/108548\/revisions"}],"wp:featuredmedia":[{"embeddable":true,"href":"http:\/\/argentinamunicipal.com.ar\/argentina\/wp-json\/wp\/v2\/media\/108549"}],"wp:attachment":[{"href":"http:\/\/argentinamunicipal.com.ar\/argentina\/wp-json\/wp\/v2\/media?parent=108548"}],"wp:term":[{"taxonomy":"category","embeddable":true,"href":"http:\/\/argentinamunicipal.com.ar\/argentina\/wp-json\/wp\/v2\/categories?post=108548"},{"taxonomy":"post_tag","embeddable":true,"href":"http:\/\/argentinamunicipal.com.ar\/argentina\/wp-json\/wp\/v2\/tags?post=108548"}],"curies":[{"name":"wp","href":"https:\/\/api.w.org\/{rel}","templated":true}]}}