{"id":108557,"date":"2020-10-28T06:24:36","date_gmt":"2020-10-28T09:24:36","guid":{"rendered":"http:\/\/argentinamunicipal.com.ar\/argentina\/?p=108557"},"modified":"2020-10-28T06:24:36","modified_gmt":"2020-10-28T09:24:36","slug":"espana-los-medicos-van-a-huelga-en-medio-de-la-segunda-ola-de-coronavirus","status":"publish","type":"post","link":"http:\/\/argentinamunicipal.com.ar\/argentina\/espana-los-medicos-van-a-huelga-en-medio-de-la-segunda-ola-de-coronavirus\/","title":{"rendered":"Espa\u00f1a: los m\u00e9dicos van a huelga en medio de la segunda ola de coronavirus"},"content":{"rendered":"<p>El paro, de 24 horas, fue convocado por la Confederaci\u00f3n Estatal de Sindicatos M\u00e9dicos, que reclama que las autoridades sanitarias negocien cambios en el sector.<\/p>\n<p>Los m\u00e9dicos espa\u00f1oles protagonizaban hoy su primera huelga nacional en 25 a\u00f1os para protestar contra las malas condiciones laborales y el debilitamiento del sistema de salud p\u00fablica, justo cuando el pa\u00eds enfrenta la segunda ola de la pandemia de coronavirus.<\/p>\n<p>El paro de 24 horas fue convocado por la Confederaci\u00f3n Estatal de Sindicatos M\u00e9dicos,\u00a0que reclama que las autoridades sanitarias negocien cambios en el sector.<\/p>\n<p>La confederaci\u00f3n afirma que la pandemia de coronavirus puso de manifiesto la falta de inversi\u00f3n en el sistema de salud p\u00fablica en las \u00faltimas d\u00e9cadas.<\/p>\n<p>La protesta llega en un momento en el que el Gobierno prepara el presupuesto para 2021 con un aumento del 151% del gasto en salud p\u00fablica, inform\u00f3 la agencia de noticias DPA.<\/p>\n<p>Espa\u00f1a afronta una escalada de contagios que llev\u00f3 a las autoridades a imponer un toque de queda nocturno\u00a0y estado de alarma en casi todo el pa\u00eds desde el domingo pasado, tras superar el mill\u00f3n de casos positivos y los 35.000 fallecimientos.<\/p>\n<p>El Ministerio de Salud report\u00f3 hoy 18.418 casos, de los que 8.304 fueron diagnosticados en las \u00faltimas 24 horas, elev\u00e1ndose la cifra global a 1.116.738.<\/p>\n<p>La tasa media actual de contagios en los \u00faltimos 14 d\u00edas se sit\u00faa en los 436,47 por cada 100.000 habitantes y en cuanto a los fallecidos la cartera sanitaria notific\u00f3 hoy 267 m\u00e1s, 746 en la \u00faltima semana, lo que hace que la cifra global de muertos se eleve a 35.298.<\/p>\n<p>La declaraci\u00f3n del estado de alarma, que concede a los presidentes auton\u00f3micos ser la autoridad delegada en sus territorios, permitir\u00e1 a las Comunidades Aut\u00f3nomas confinar total o parcialmente sus territorios.<\/p>\n<p>Un d\u00eda despu\u00e9s del anuncio, el Pa\u00eds Vasco, Arag\u00f3n y Asturias anunciaron el cierre perimetral de sus fronteras, una medida que ya reg\u00eda en Navarra desde la semana pasada y que las autoridades confirmaron que planean mantener.<\/p>\n<p>El Ministerio de Salud explic\u00f3 ayer que la evoluci\u00f3n (de los contagios) \u00abest\u00e1 siendo r\u00e1pida\u00bb y que los pa\u00edses europeos \u00abmuy probablemente\u00bb se enfrentar\u00e1n a una ola mayor de que se vive actualmente.<\/p>\n<p>El estado de alarma es un r\u00e9gimen jur\u00eddico excepcional, que ampara la limitaci\u00f3n de derechos fundamentales como la libertad de movimientos.<\/p>\n<p>Tiene una duraci\u00f3n inicial de 15 d\u00edas pero el presidente del Gobierno espa\u00f1ol, el socialista Pedro S\u00e1nchez, tiene intenci\u00f3n de prorrogarlo seis meses, para lo que necesita el aval del Congreso.<\/p>\n<h6>Fuente: Telam<\/h6>\n","protected":false},"excerpt":{"rendered":"<p>El paro, de 24 horas, fue convocado por la Confederaci\u00f3n Estatal de Sindicatos M\u00e9dicos, que reclama que las autoridades sanitarias negocien cambios en el sector.<\/p>\n","protected":false},"author":2,"featured_media":108558,"comment_status":"closed","ping_status":"closed","sticky":false,"template":"","format":"standard","meta":{"footnotes":""},"categories":[22],"tags":[57],"class_list":["post-108557","post","type-post","status-publish","format-standard","has-post-thumbnail","hentry","category-el-mundo","tag-el-mundo"],"_links":{"self":[{"href":"http:\/\/argentinamunicipal.com.ar\/argentina\/wp-json\/wp\/v2\/posts\/108557","targetHints":{"allow":["GET"]}}],"collection":[{"href":"http:\/\/argentinamunicipal.com.ar\/argentina\/wp-json\/wp\/v2\/posts"}],"about":[{"href":"http:\/\/argentinamunicipal.com.ar\/argentina\/wp-json\/wp\/v2\/types\/post"}],"author":[{"embeddable":true,"href":"http:\/\/argentinamunicipal.com.ar\/argentina\/wp-json\/wp\/v2\/users\/2"}],"replies":[{"embeddable":true,"href":"http:\/\/argentinamunicipal.com.ar\/argentina\/wp-json\/wp\/v2\/comments?post=108557"}],"version-history":[{"count":0,"href":"http:\/\/argentinamunicipal.com.ar\/argentina\/wp-json\/wp\/v2\/posts\/108557\/revisions"}],"wp:featuredmedia":[{"embeddable":true,"href":"http:\/\/argentinamunicipal.com.ar\/argentina\/wp-json\/wp\/v2\/media\/108558"}],"wp:attachment":[{"href":"http:\/\/argentinamunicipal.com.ar\/argentina\/wp-json\/wp\/v2\/media?parent=108557"}],"wp:term":[{"taxonomy":"category","embeddable":true,"href":"http:\/\/argentinamunicipal.com.ar\/argentina\/wp-json\/wp\/v2\/categories?post=108557"},{"taxonomy":"post_tag","embeddable":true,"href":"http:\/\/argentinamunicipal.com.ar\/argentina\/wp-json\/wp\/v2\/tags?post=108557"}],"curies":[{"name":"wp","href":"https:\/\/api.w.org\/{rel}","templated":true}]}}