{"id":108561,"date":"2020-10-28T06:29:47","date_gmt":"2020-10-28T09:29:47","guid":{"rendered":"http:\/\/argentinamunicipal.com.ar\/argentina\/?p=108561"},"modified":"2020-10-28T06:29:47","modified_gmt":"2020-10-28T09:29:47","slug":"el-nuevo-parlamento-boliviano-tendra-una-mayoria-de-mujeres-y-muchos-jovenes","status":"publish","type":"post","link":"http:\/\/argentinamunicipal.com.ar\/argentina\/el-nuevo-parlamento-boliviano-tendra-una-mayoria-de-mujeres-y-muchos-jovenes\/","title":{"rendered":"El nuevo parlamento boliviano tendr\u00e1 una mayor\u00eda de mujeres y muchos j\u00f3venes"},"content":{"rendered":"<p>Luego de los resultado de las \u00faltimas elecciones, la Asamblea Legislativa Plurinacional tendr\u00e1 un 52% de representaci\u00f3n femenina y gran cantidad de j\u00f3venes seg\u00fan lo confim\u00f3 el Tribunal Superior Electoral.<\/p>\n<p>El parlamento boliviano tendr\u00e1 un 52% de representaci\u00f3n femenina a modo de ejemplo de paridad de g\u00e9nero y significativa cantidad de j\u00f3venes, seg\u00fan qued\u00f3 confirmado al entregar el Tribunal Superior Electoral (TSE) las credenciales a los nuevos miembros de la Asamblea Legislativa Plurinacional electos el pasado domingo.<\/p>\n<p>\u00abUn estudio de la composici\u00f3n de la Asamblea mostrar\u00eda cu\u00e1n cercana es a la configuraci\u00f3n del pa\u00eds. La Asamblea mantiene a Bolivia en los sitios m\u00e1s altos a nivel mundial por el porcentaje de parlamentarias, uno de los principales capitales de la democracia nacional\u00bb, dijo el presidente del TSE, Salvador Romero.<\/p>\n<p>Precis\u00f3 que la representaci\u00f3n femenina constituye el 52% del parlamento de 166 miembros que estar\u00e1 en funciones en el per\u00edodo 2020-2025.<\/p>\n<p>Romero destac\u00f3 tambi\u00e9n la presencia de decenas de j\u00f3venes pol\u00edticos entre los 36 senadores y 130 diputados que asumir\u00e1n funciones en los pr\u00f3ximos d\u00edas, en el pre\u00e1mbulo de la posesi\u00f3n del presidente Luis Arce y el vicepresidente David Choquehuanca, del Movimiento Al Socialismo (MAS), prevista para el 8 de noviembre.<\/p>\n<p>La entrega de las credenciales puso en marcha el proceso de relevo parlamentario, que quedar\u00e1 completado el pr\u00f3ximo viernes, cuando los nuevos asamble\u00edstas inicien sus sesiones preliminares al d\u00eda siguiente de que los actuales clausuren su gesti\u00f3n, seg\u00fan anunciaron los l\u00edderes legislativos.<\/p>\n<p>Con mayor\u00edas de 21 senadores y 75 diputados, el Movimiento al Socialismo (MAS) mantendr\u00e1 el control del legislativo que tuvo en las tres legislaturas pasadas, durante los gobiernos de Evo Morales, aunque tendr\u00e1 que pactar con la derecha para eventuales decisiones que requieran dos tercios de votos.<\/p>\n<p>Romero, citado por medios locales y la agencia de noticias Sputnik, dijo tambi\u00e9n que conforme a las normas a favor de la plurinacionalidad, entre los diputados hay siete electos en jurisdicciones ind\u00edgenas, todos en filas del MAS.<\/p>\n<h6>Fuente: Telam<\/h6>\n","protected":false},"excerpt":{"rendered":"<p>Luego de los resultado de las \u00faltimas elecciones, la Asamblea Legislativa Plurinacional tendr\u00e1 un 52% de representaci\u00f3n femenina y gran cantidad de j\u00f3venes seg\u00fan lo confim\u00f3 el Tribunal Superior Electoral.<\/p>\n","protected":false},"author":2,"featured_media":108562,"comment_status":"closed","ping_status":"closed","sticky":false,"template":"","format":"standard","meta":{"footnotes":""},"categories":[22],"tags":[57],"class_list":["post-108561","post","type-post","status-publish","format-standard","has-post-thumbnail","hentry","category-el-mundo","tag-el-mundo"],"_links":{"self":[{"href":"http:\/\/argentinamunicipal.com.ar\/argentina\/wp-json\/wp\/v2\/posts\/108561","targetHints":{"allow":["GET"]}}],"collection":[{"href":"http:\/\/argentinamunicipal.com.ar\/argentina\/wp-json\/wp\/v2\/posts"}],"about":[{"href":"http:\/\/argentinamunicipal.com.ar\/argentina\/wp-json\/wp\/v2\/types\/post"}],"author":[{"embeddable":true,"href":"http:\/\/argentinamunicipal.com.ar\/argentina\/wp-json\/wp\/v2\/users\/2"}],"replies":[{"embeddable":true,"href":"http:\/\/argentinamunicipal.com.ar\/argentina\/wp-json\/wp\/v2\/comments?post=108561"}],"version-history":[{"count":0,"href":"http:\/\/argentinamunicipal.com.ar\/argentina\/wp-json\/wp\/v2\/posts\/108561\/revisions"}],"wp:featuredmedia":[{"embeddable":true,"href":"http:\/\/argentinamunicipal.com.ar\/argentina\/wp-json\/wp\/v2\/media\/108562"}],"wp:attachment":[{"href":"http:\/\/argentinamunicipal.com.ar\/argentina\/wp-json\/wp\/v2\/media?parent=108561"}],"wp:term":[{"taxonomy":"category","embeddable":true,"href":"http:\/\/argentinamunicipal.com.ar\/argentina\/wp-json\/wp\/v2\/categories?post=108561"},{"taxonomy":"post_tag","embeddable":true,"href":"http:\/\/argentinamunicipal.com.ar\/argentina\/wp-json\/wp\/v2\/tags?post=108561"}],"curies":[{"name":"wp","href":"https:\/\/api.w.org\/{rel}","templated":true}]}}