{"id":108580,"date":"2020-10-29T05:09:37","date_gmt":"2020-10-29T08:09:37","guid":{"rendered":"http:\/\/argentinamunicipal.com.ar\/argentina\/?p=108580"},"modified":"2020-10-28T12:20:22","modified_gmt":"2020-10-28T15:20:22","slug":"en-un-ano-atipico-santa-fe-logro-el-boleto-educativo-gratuito","status":"publish","type":"post","link":"http:\/\/argentinamunicipal.com.ar\/argentina\/en-un-ano-atipico-santa-fe-logro-el-boleto-educativo-gratuito\/","title":{"rendered":"En un a\u00f1o at\u00edpico, Santa Fe logr\u00f3 el Boleto Educativo Gratuito"},"content":{"rendered":"<p>El mandatario firm\u00f3 el decreto que reglamenta el programa que beneficia a estudiantes de nivel inicial, primario, secundario, terciario, universitario, docentes y personal auxiliar de establecimientos santafesinos.<\/p>\n<p>El gobernador Omar Perotti suscribi\u00f3 el Decreto N\u00b01175 por el que se establece la creaci\u00f3n, en el \u00e1mbito de la Secretar\u00eda de Transporte del Ministerio de Producci\u00f3n, Ciencia y Tecnolog\u00eda, el programa de Boleto Educativo Gratuito (BEG). Est\u00e1 destinado a usuarios del servicio p\u00fablico provincial de transporte de pasajeros interurbanos, suburbanos y urbanos.<\/p>\n<p>\u201cEl decreto es una instancia administrativa m\u00e1s para la puesta en marcha del Boleto Educativo Gratuito. Necesario para poder concretar convenios con universidades, municipios y dem\u00e1s entidades necesarias para poder arrancar el ciclo lectivo 2021 con el boleto en pleno funcionamiento. Si bien no hay clase presenciales, esto es un paso m\u00e1s para poner el sistema a prueba en las pr\u00f3ximas semanas\u201d, asegur\u00f3 el gobernador.<\/p>\n<p>Por su parte, la ministra de Educaci\u00f3n, Adriana Cantero, explic\u00f3 que \u201cen el marco del compromiso del gobierno provincial de asegurar el boleto educativo gratuito, iniciamos la etapa de construcci\u00f3n de un nuevo dispositivo para garantizar el traslado rural gratuito para docentes y alumnos que se ha inaugurado en las 33 localidades que iniciaron con el dispositivo de la presencialidad. Ese dispositivo contempla la participaci\u00f3n de las comunas con presupuesto que asigna Educaci\u00f3n y que se distribuye en las contrataciones situadas que cada ni\u00f1o, adolescente y docente requiere seg\u00fan las caracter\u00edsticas de su contexto para poder llegar a la escuela a garantizar el derecho a la educaci\u00f3n\u201d.<\/p>\n<p><strong>Beneficiarios<\/strong><br \/>\nEl programa -anunciado por el mandatario en el inicio de la gesti\u00f3n-\u00a0est\u00e1 destinado a estudiantes de nivel inicial, primario, secundario y terciario pertenecientes a instituciones educativas p\u00fablicas de gesti\u00f3n estatal y de gesti\u00f3n privada con aporte estatal que integran el sistema educativo provincial.<\/p>\n<p>Tambi\u00e9n podr\u00e1 acceder el personal docente, auxiliar docente y escolar no docente que desempe\u00f1en tareas en instituciones educativas que integran el sistema educativo de la provincia, adem\u00e1s de estudiantes universitarios de instituciones p\u00fablicas o privadas radicadas en el territorio provincial.<\/p>\n<p>Adem\u00e1s, se establece que podr\u00e1n acceder los beneficiarios cuyo grupo familiar no supere el nivel mensual de ingresos equivalente a dos Canastas B\u00e1sicas para un hogar de cuatro integrantes, establecidas por el Instituto Nacional de Estad\u00edsticas y Censos (Indec).<\/p>\n<p><strong>Todo el recorrido<\/strong><br \/>\nEl decreto firmado por el gobernador instituye que el BEG comprende la totalidad del trayecto que realiza cada beneficiario desde su domicilio hacia el establecimiento educativo al que concurre, independientemente del n\u00famero de tramos, y se fija un precio equivalente a la tarifa b\u00e1sica del servicio com\u00fan vigente al momento de la realizaci\u00f3n del viaje, salvo que se accedan a servicios diferenciales, sobre los cuales los beneficiarios deber\u00e1n abonar la diferencia entre el costo del pasaje.<\/p>\n<p>Tambi\u00e9n se faculta a la Secretar\u00eda de Transporte a brindar asistencia a aquellos beneficiarios que concurran a establecimientos educativos rurales en distritos que no cuenten con un servicio p\u00fablico regular de transporte.<\/p>\n<p>Por otra parte, la Secretar\u00eda de Transporte elaborar\u00e1 y suscribir\u00e1 los convenios para garantizar el beneficio en todo el territorio provincial, fijar la documentaci\u00f3n que deber\u00e1n presentar las personas interesadas en acceder al beneficio, y establecer etapas de implementaci\u00f3n progresiva e inmediata del programa.<\/p>\n<p>Finalmente, el decreto aclara que las credenciales o documentaci\u00f3n que se otorgue a los beneficiarios tienen car\u00e1cter personal e intransferible, y su uso indebido dar\u00e1 lugar a la suspensi\u00f3n del goce del beneficio, por el tiempo que establezca la autoridad de aplicaci\u00f3n.<\/p>\n<h6>Fuente: Sin Mordaza<\/h6>\n","protected":false},"excerpt":{"rendered":"<p>El mandatario firm\u00f3 el decreto que reglamenta el programa que beneficia a estudiantes de nivel inicial, primario, secundario, terciario, universitario, docentes y personal auxiliar de establecimientos santafesinos.<\/p>\n","protected":false},"author":2,"featured_media":108581,"comment_status":"closed","ping_status":"closed","sticky":false,"template":"","format":"standard","meta":{"footnotes":""},"categories":[2],"tags":[10],"class_list":["post-108580","post","type-post","status-publish","format-standard","has-post-thumbnail","hentry","category-informe-municipal","tag-santa-fe"],"_links":{"self":[{"href":"http:\/\/argentinamunicipal.com.ar\/argentina\/wp-json\/wp\/v2\/posts\/108580","targetHints":{"allow":["GET"]}}],"collection":[{"href":"http:\/\/argentinamunicipal.com.ar\/argentina\/wp-json\/wp\/v2\/posts"}],"about":[{"href":"http:\/\/argentinamunicipal.com.ar\/argentina\/wp-json\/wp\/v2\/types\/post"}],"author":[{"embeddable":true,"href":"http:\/\/argentinamunicipal.com.ar\/argentina\/wp-json\/wp\/v2\/users\/2"}],"replies":[{"embeddable":true,"href":"http:\/\/argentinamunicipal.com.ar\/argentina\/wp-json\/wp\/v2\/comments?post=108580"}],"version-history":[{"count":0,"href":"http:\/\/argentinamunicipal.com.ar\/argentina\/wp-json\/wp\/v2\/posts\/108580\/revisions"}],"wp:featuredmedia":[{"embeddable":true,"href":"http:\/\/argentinamunicipal.com.ar\/argentina\/wp-json\/wp\/v2\/media\/108581"}],"wp:attachment":[{"href":"http:\/\/argentinamunicipal.com.ar\/argentina\/wp-json\/wp\/v2\/media?parent=108580"}],"wp:term":[{"taxonomy":"category","embeddable":true,"href":"http:\/\/argentinamunicipal.com.ar\/argentina\/wp-json\/wp\/v2\/categories?post=108580"},{"taxonomy":"post_tag","embeddable":true,"href":"http:\/\/argentinamunicipal.com.ar\/argentina\/wp-json\/wp\/v2\/tags?post=108580"}],"curies":[{"name":"wp","href":"https:\/\/api.w.org\/{rel}","templated":true}]}}