{"id":108583,"date":"2020-10-29T05:21:02","date_gmt":"2020-10-29T08:21:02","guid":{"rendered":"http:\/\/argentinamunicipal.com.ar\/argentina\/?p=108583"},"modified":"2020-10-28T12:58:11","modified_gmt":"2020-10-28T15:58:11","slug":"rosario-la-industria-lidera-el-camino-de-la-reactivacion-en-la-economia-local","status":"publish","type":"post","link":"http:\/\/argentinamunicipal.com.ar\/argentina\/rosario-la-industria-lidera-el-camino-de-la-reactivacion-en-la-economia-local\/","title":{"rendered":"Rosario: La industria lidera el camino de la reactivaci\u00f3n en la econom\u00eda local"},"content":{"rendered":"<p>De acuerdo al Indicador Mensual de Facturaci\u00f3n, el sector manufacturero subi\u00f3 7,7 por ciento interanual. El comercio remonta la ca\u00edda. Los servicios bajan.<\/p>\n<p>Con una suba interanual del 7 por ciento en agosto, la industria lidera la lenta y heterog\u00e9nea recuperaci\u00f3n que la econom\u00eda de Rosario viene experimentando desde mayo. El resto de los sectores, como la construcci\u00f3n, los servicios privados y el comercio, mantienen bajas en relaci\u00f3n al a\u00f1o anterior, aunque con matices hacia el interior de cada rubro. La actividad en general cay\u00f3 8,3 por ciento respecto del mismo mes del a\u00f1o pasado y repunt\u00f3 1,1 por ciento desde julio.<br \/>\nLos datos se desprenden del \u00faltimo informe del Indicador Mensual de Facturaci\u00f3n que elabora la Secretar\u00eda de Desarrollo Econ\u00f3mico de la Municipalidad en base a las declaraciones juradas presentadas mensualmente por los contribuyentes del R\u00e9gimen General del Derecho de Registro e Inspecci\u00f3n (Drei).<\/p>\n<p>Estos n\u00fameros siguen mostrando una retracci\u00f3n de la actividad local por efecto de la pandemia, aunque a un ritmo mucho menor _m\u00e1s de tres puntos porcentuales_ que de la actividad econ\u00f3mica a nivel nacional (-11,6 por ciento). Aunque a\u00fan no puede hablarse de un cambio de ciclo, los datos dan cuenta una desaceleraci\u00f3n de las profundas ca\u00eddas registradas en los primeros meses de la pandemia. En algunos rubros hay, incluso, subas interanuales.<\/p>\n<p>Mes a mes, la actividad econ\u00f3mica de Rosario viene aumentando desde mayo. En ese mes y en junio se registraron los saltos m\u00e1s altos, de 20,47 por ciento y 13,41 por ciento. Fue la consecuencia de la r\u00e1pida reacci\u00f3n de la facturaci\u00f3n a la lenta apertura de actividades tras un per\u00edodo de cuarentena estricta. Luego, el ritmo de subas se ameset\u00f3. En julio y agosto las subas fueron apenas por encima del 1 por ciento. As\u00ed, la evoluci\u00f3n de la econom\u00eda local se muestra hasta ahora como la de una ra\u00edz cuadrada.<\/p>\n<p>El comportamiento acumulado enero-agosto de 2020 a\u00fan es negativo: arroj\u00f3 una ca\u00edda de 12,4 por ciento respecto al mismo per\u00edodo del a\u00f1o 2019, en l\u00ednea con la evoluci\u00f3n nacional.<\/p>\n<p>En el desagregado por sectores, la facturaci\u00f3n local de agosto en forma interanual muestra una fuerte ca\u00edda de la construcci\u00f3n (-48,24 por ciento), seguido por los servicios privados (-20,9 por ciento). En este \u00faltimo punto se destaca la baja en alojamiento y servicios de comida (-61,2 por ciento), debido a que actividades como la hoteler\u00eda es uno de los pocos a\u00fan sin actividad por efecto de la pandemia.<\/p>\n<p>El comercio, el rubro de mayor ponderaci\u00f3n en la medici\u00f3n, porque concentra el 45 por ciento de la facturaci\u00f3n local, mostr\u00f3 una leve baja interanual en agosto, del 0,93 por ciento. El comercio minorista retrocedi\u00f3 3,6 por ciento, pero el mayorista subi\u00f3 1,2 por ciento y la venta, mantenimiento y reparaci\u00f3n de veh\u00edculos, subi\u00f3 1 por ciento.<\/p>\n<p>La industria manufacturera, que participa con el 23 por ciento de la facturaci\u00f3n local, salv\u00f3 la ropa\u00bb. Este sector volvi\u00f3 a mostrar en agosto una suba interanual, que alcanz\u00f3 el 7,72 por ciento. A su interior, se destaca el segmento de metales, productos de metal y maquinaria (18,8 por ciento), la fabricaci\u00f3n de componentes el\u00e9ctricos (7 por ciento); veh\u00edculos y equipos de transporte (6 por ciento); petr\u00f3leo y productos qu\u00edmicos, caucho y pl\u00e1sticos (4 por ciento).<\/p>\n<h6>Fuente: La Capital<\/h6>\n","protected":false},"excerpt":{"rendered":"<p>De acuerdo al Indicador Mensual de Facturaci\u00f3n, el sector manufacturero subi\u00f3 7,7 por ciento interanual. El comercio remonta la ca\u00edda. Los servicios bajan.<\/p>\n","protected":false},"author":2,"featured_media":108584,"comment_status":"closed","ping_status":"closed","sticky":false,"template":"","format":"standard","meta":{"footnotes":""},"categories":[5],"tags":[10],"class_list":["post-108583","post","type-post","status-publish","format-standard","has-post-thumbnail","hentry","category-informe-economico","tag-santa-fe"],"_links":{"self":[{"href":"http:\/\/argentinamunicipal.com.ar\/argentina\/wp-json\/wp\/v2\/posts\/108583","targetHints":{"allow":["GET"]}}],"collection":[{"href":"http:\/\/argentinamunicipal.com.ar\/argentina\/wp-json\/wp\/v2\/posts"}],"about":[{"href":"http:\/\/argentinamunicipal.com.ar\/argentina\/wp-json\/wp\/v2\/types\/post"}],"author":[{"embeddable":true,"href":"http:\/\/argentinamunicipal.com.ar\/argentina\/wp-json\/wp\/v2\/users\/2"}],"replies":[{"embeddable":true,"href":"http:\/\/argentinamunicipal.com.ar\/argentina\/wp-json\/wp\/v2\/comments?post=108583"}],"version-history":[{"count":0,"href":"http:\/\/argentinamunicipal.com.ar\/argentina\/wp-json\/wp\/v2\/posts\/108583\/revisions"}],"wp:featuredmedia":[{"embeddable":true,"href":"http:\/\/argentinamunicipal.com.ar\/argentina\/wp-json\/wp\/v2\/media\/108584"}],"wp:attachment":[{"href":"http:\/\/argentinamunicipal.com.ar\/argentina\/wp-json\/wp\/v2\/media?parent=108583"}],"wp:term":[{"taxonomy":"category","embeddable":true,"href":"http:\/\/argentinamunicipal.com.ar\/argentina\/wp-json\/wp\/v2\/categories?post=108583"},{"taxonomy":"post_tag","embeddable":true,"href":"http:\/\/argentinamunicipal.com.ar\/argentina\/wp-json\/wp\/v2\/tags?post=108583"}],"curies":[{"name":"wp","href":"https:\/\/api.w.org\/{rel}","templated":true}]}}