{"id":108586,"date":"2020-10-29T05:01:35","date_gmt":"2020-10-29T08:01:35","guid":{"rendered":"http:\/\/argentinamunicipal.com.ar\/argentina\/?p=108586"},"modified":"2020-10-28T13:12:34","modified_gmt":"2020-10-28T16:12:34","slug":"con-un-decreto-bolsonaro-avanza-con-la-privatizacion-del-sistema-de-salud","status":"publish","type":"post","link":"http:\/\/argentinamunicipal.com.ar\/argentina\/con-un-decreto-bolsonaro-avanza-con-la-privatizacion-del-sistema-de-salud\/","title":{"rendered":"Con un decreto, Bolsonaro avanza con la privatizaci\u00f3n del sistema de salud"},"content":{"rendered":"<p>En plena pandemia de coronavirus, el presidente de Brasil apuesta a iniciar la privatizaci\u00f3n del sistema p\u00fablico de salud, uno de los pilares de la Constituci\u00f3n de 1988.<\/p>\n<p>En plena pandemia de coronavirus, que caus\u00f3 m\u00e1s de 158.000 muertos en Brasil, el presidente Jair Bolsonaro firm\u00f3 un decreto con el cual apuesta a iniciar la privatizaci\u00f3n del sistema p\u00fablico de salud, uno de los pilares de la Constituci\u00f3n de 1988, en el marco de su pol\u00edtica para dar se\u00f1ales favorables al mercado financiero.<\/p>\n<p>El Presidente y el ministro de Econom\u00eda, Paulo Guedes, firmaron un decreto publicado el martes por la noche\u00a0para permitir que se estudien \u00abalianzas con la iniciativa privada para la construcci\u00f3n, la modernizaci\u00f3n y la operaci\u00f3n de unidades b\u00e1sicas de salud\u00bb, que ser\u00edan las salas de primeros auxilios.<\/p>\n<p>De esta forma, el Sistema \u00danico de Salud, el sistema de salud p\u00fablico de Brasil, podr\u00e1 estar incluido dentro del Programa de Proyectos de Inversi\u00f3n (PPI), el plan de privatizaciones del Gobierno que qued\u00f3 trunco este a\u00f1o por la pandemia y la falta de apoyo masivo en el Congreso, incluso de la base bolsonarista.<\/p>\n<p>\u00abNo se trata de delegar al privado las funciones del Estado, sino de mejorar la prestaci\u00f3n de servicios\u00bb,\u00a0dice el decreto.<\/p>\n<p>El Sistema \u00danico de Salud atiende al 75% de la poblaci\u00f3n brasile\u00f1a, ya que un cuarto de ella posee seguros privados de salud.\u00a0En Brasil, a diferencia de Argentina, no existen las obras sociales m\u00e9dicas de los sindicatos.<\/p>\n<p>El decreto apunta a reducir la inversi\u00f3n p\u00fablica en salud, en el marco del programa de ajuste del ministro Guedes, un ultraliberal de la escuela econ\u00f3mica de Chicago que trabaj\u00f3 para la dictadura chilena de Augusto Pinochet, a la que pone de ejemplo de modelo a seguir para Brasil.<\/p>\n<p>Guedes se quej\u00f3 recientemente de los \u00abacuerdos pol\u00edticos\u00bb para mantener su gobernabilidad que le impiden llevar adelante su plan de privatizaciones,\u00a0raz\u00f3n por la cual cuatro funcionarios renunciaron entre agosto y septiembre de su equipo de trabajo.<\/p>\n<p>Dos empresas p\u00fablicas gigantes como Eletropaulo y Correios, la m\u00e1s grande el\u00e9ctrica y postal de Am\u00e9rica Latina, respectivamente, est\u00e1n en la fila para ser privatizadas,\u00a0aunque la nueva composici\u00f3n del Gobierno de Bolsonaro, con apoyo de la derecha tradicional en e Congreso, carece de consenso sobre el tema.<\/p>\n<p>El decreto privatizador de la salud se conoci\u00f3 luego del incendio que mat\u00f3 a tres personas internadas por Covid-19 en el hospital federal de Bonsucesso,\u00a0en R\u00edo de Janeiro, cuya administraci\u00f3n depende del Ministerio de Salud que no hab\u00eda cumplido los requisitos para tener un protocolo contra incendios.<\/p>\n<p>La iniciativa fue fustigada por entidades m\u00e9dicas que apuntan contra la intenci\u00f3n de \u00abdestruir\u00bb el sistema p\u00fablico de salud sin necesidad de reformar la Constituci\u00f3n.<\/p>\n<p>\u00abSi bien se habla de proyectos piloto, todo se inicia as\u00ed, es la puerta abierta para la destrucci\u00f3n del sistema \u00fanico de salud.\u00a0Preocupa que no se haya consultado a las entidades\u00bb, dijo el presidente de la Asociaci\u00f3n Brasile\u00f1a de Salud Colectiva (Abrasco), Gulnar Azevedo.<\/p>\n<p>El sistema \u00fanico de salud brasile\u00f1o es financiado por el Gobierno federal y ejecutado por municipios y gobernaciones y fue creado en la Constituci\u00f3n de 1988 tras la dictadura militar (1964-1985), en base al modelo sanitario p\u00fablico brit\u00e1nico.<\/p>\n<h6>Fuente: La Nueva Ma\u00f1ana<\/h6>\n","protected":false},"excerpt":{"rendered":"<p>En plena pandemia de coronavirus, el presidente de Brasil apuesta a iniciar la privatizaci\u00f3n del sistema p\u00fablico de salud, uno de los pilares de la Constituci\u00f3n de 1988.<\/p>\n","protected":false},"author":2,"featured_media":108587,"comment_status":"closed","ping_status":"closed","sticky":false,"template":"","format":"standard","meta":{"footnotes":""},"categories":[22],"tags":[57],"class_list":["post-108586","post","type-post","status-publish","format-standard","has-post-thumbnail","hentry","category-el-mundo","tag-el-mundo"],"_links":{"self":[{"href":"http:\/\/argentinamunicipal.com.ar\/argentina\/wp-json\/wp\/v2\/posts\/108586","targetHints":{"allow":["GET"]}}],"collection":[{"href":"http:\/\/argentinamunicipal.com.ar\/argentina\/wp-json\/wp\/v2\/posts"}],"about":[{"href":"http:\/\/argentinamunicipal.com.ar\/argentina\/wp-json\/wp\/v2\/types\/post"}],"author":[{"embeddable":true,"href":"http:\/\/argentinamunicipal.com.ar\/argentina\/wp-json\/wp\/v2\/users\/2"}],"replies":[{"embeddable":true,"href":"http:\/\/argentinamunicipal.com.ar\/argentina\/wp-json\/wp\/v2\/comments?post=108586"}],"version-history":[{"count":0,"href":"http:\/\/argentinamunicipal.com.ar\/argentina\/wp-json\/wp\/v2\/posts\/108586\/revisions"}],"wp:featuredmedia":[{"embeddable":true,"href":"http:\/\/argentinamunicipal.com.ar\/argentina\/wp-json\/wp\/v2\/media\/108587"}],"wp:attachment":[{"href":"http:\/\/argentinamunicipal.com.ar\/argentina\/wp-json\/wp\/v2\/media?parent=108586"}],"wp:term":[{"taxonomy":"category","embeddable":true,"href":"http:\/\/argentinamunicipal.com.ar\/argentina\/wp-json\/wp\/v2\/categories?post=108586"},{"taxonomy":"post_tag","embeddable":true,"href":"http:\/\/argentinamunicipal.com.ar\/argentina\/wp-json\/wp\/v2\/tags?post=108586"}],"curies":[{"name":"wp","href":"https:\/\/api.w.org\/{rel}","templated":true}]}}