{"id":108589,"date":"2020-10-28T13:21:47","date_gmt":"2020-10-28T16:21:47","guid":{"rendered":"http:\/\/argentinamunicipal.com.ar\/argentina\/?p=108589"},"modified":"2020-10-28T13:21:47","modified_gmt":"2020-10-28T16:21:47","slug":"arroyito-crece-el-empleo-independiente-en-pandemia","status":"publish","type":"post","link":"http:\/\/argentinamunicipal.com.ar\/argentina\/arroyito-crece-el-empleo-independiente-en-pandemia\/","title":{"rendered":"Arroyito: crece el empleo independiente en pandemia"},"content":{"rendered":"<p>Nueve arroyitenses se sumaron este a\u00f1o al programa nacional que brinda capacitaci\u00f3n paga y un subsidio para la puesta en marcha de emprendimientos productivos. Se suman a otros diez que arrancaron en 2019.<\/p>\n<p>M\u00e1s personas recurren al trabajo independiente en medio del avance del coronavirus. Entre las alternativas que ofrece la Oficina de Empleo de Arroyito, se encuentra un programa nacional que ofrece capacitaci\u00f3n y un subsidio no reintegrable a quienes deseen poner en marcha alg\u00fan emprendimiento.<\/p>\n<p>Se trata del Programa de Empleo Independiente (PEI) al cual ya se sumaron 19 arroyitenses como alternativa para generar ingresos en medio de la crisis sanitaria y econ\u00f3mica.<\/p>\n<p>Nueve se sumaron este a\u00f1o e iniciaron la semana pasada una capacitaci\u00f3n sobre gesti\u00f3n empresarial, con una duraci\u00f3n de tres meses y por la cual reciben a reciben a modo de acompa\u00f1amiento econ\u00f3mico,\u00a0la suma de $3000 mensuales.<\/p>\n<p>Otras 10 personas se encuentran en la segunda etapa del programa, ya que ingresaron al mismo el a\u00f1o pasado. Estos emprendedores han recibido en el mes de agosto\u00a0$63. 900 como subsidio no reintegrable para adquirir elementos necesarios para desarrollar o mejorar su fuente de empleo.<\/p>\n<p><strong>La respuesta del municipio\u00a0a la demanda laboral<\/strong><br \/>\n\u00abLa oficina de empleo de Arroyito brinda seguimiento y asistencia a cada una de estas 19 personas y trabaja en la generaci\u00f3n de empleo acompa\u00f1ando a emprendedores y trabajadores a trav\u00e9s de los Programas Municipales, N\u00facleo Emprendedor e Incubadora Joven y poniendo en marcha cooperativas de trabajo\u00bb, destac\u00f3 la responsable de la Oficina de Empleo Liliana Vergara.<\/p>\n<p>Con respecto al PEI , la funcionaria expres\u00f3 a LA VOZ DE SAN JUSTO que\u00a0\u00abes una herramienta muy buena para incentivar emprendimientos en nuestra ciudad, teniendo en cuenta que la necesidad de trabajo es mucha, pero hoy son pocas las empresas que demandan personal\u00bb, manifest\u00f3 a\u00a0LA VOZ DE SAN JUSTO.<\/p>\n<p>En este sentido coment\u00f3 que \u00abcontamos con m\u00e1s de 1.000 curr\u00edculum, los cuales tomamos y buscamos generar empleo, pero en muchos casos la alternativa m\u00e1s viable y r\u00e1pida son este tipo de programas\u00bb, dijo.<\/p>\n<p>\u00abEstas son las pol\u00edticas p\u00fablicas que deben ayudar a sortear esta crisis. Muchos quedaron sin trabajo en pandemia y est\u00e1n desmotivados, pero encuentran en este tipo de planes una alternativa para salir adelante\u00bb, remarc\u00f3.<\/p>\n<p>Entre los rubros se destacan reposter\u00eda, textil, productos de limpieza, cocina saludable, producto reciclado de madera.<\/p>\n<p><strong>\u00abEs posible vivir de\u00a0un emprendimiento\u00bb\u00a0<\/strong><\/p>\n<p>Se qued\u00f3 sin trabajo, hace tortas en su casa y asegura que \u00abvive y pagas sus cuentas con este proyecto\u00bb<\/p>\n<p>Andrea Gudi\u00f1o (37) es una de las emprendedoras que recibi\u00f3 este agosto el dinero para comprar elementos de trabajo que destina a su proyecto de reposter\u00eda.<\/p>\n<p>\u00abHace aproximadamente dos a\u00f1os me qued\u00e9 sin trabajo. No obstante, a\u00fan trabajando en relaci\u00f3n de dependencia hab\u00eda empezado a pagar la cuota de mi casa y como no me alcanzaba empec\u00e9 a hacer tortillas a la parrilla, pastelitos y pan casero\u00bb, relat\u00f3 la arroyitense.<\/p>\n<p>\u00abVendiendo pan casero me compr\u00f3 el primer horno y con la venta de tortas del d\u00eda de la madre me compre la heladera exhibidora\u00bb, cont\u00f3 Gudi\u00f1o demostrando que \u00abno hay que esperar a tener todo para comenzar un proyecto\u00bb, asegura.<\/p>\n<p>Este agosto, recibi\u00f3 el subsidio del Programa de Empleo Independiente con lo cual adquiri\u00f3 una cocina industrial y las m\u00e1quinas que le faltaban para su producci\u00f3n.<\/p>\n<p>\u00abMuchos piensan que no se puede vivir de esto, o les da verg\u00fcenza ofrecer lo que hacen, pero yo como y pago todas mis cuentas. Es posible vivir de un emprendimiento\u00bb,\u00a0reflexion\u00f3 Gudi\u00f1o.<\/p>\n<p>Reconoci\u00f3 que \u00abcomo todo trabajo tiene sus \u00e9pocas m\u00e1s fuertes y m\u00e1s bajas. En esta pandemia hubo momentos en que no ten\u00eda dinero, pero ten\u00eda harina y entonces me pon\u00eda a hacer tortillas a la parrilla y con lo que recaudaba compraba tapas para pastelitos, y as\u00ed iba generando ingresos\u00bb.<\/p>\n<p>La emprendedora destac\u00f3 adem\u00e1s que incentiven a la realizaci\u00f3n de cursos con un apoyo econ\u00f3mico.\u00a0\u00abDe todos los cursos que he hecho, que fueron muchos, ninguno te pagaba, por lo que hay que aprovechar estas oportunidades\u00bb.<\/p>\n<h6>Fuente: La Voz de San Justo<\/h6>\n","protected":false},"excerpt":{"rendered":"<p>Nueve arroyitenses se sumaron este a\u00f1o al programa nacional que brinda capacitaci\u00f3n paga y un subsidio para la puesta en marcha de emprendimientos productivos. Se suman a otros diez que arrancaron en 2019.<\/p>\n","protected":false},"author":2,"featured_media":108590,"comment_status":"closed","ping_status":"closed","sticky":false,"template":"","format":"standard","meta":{"footnotes":""},"categories":[2],"tags":[3],"class_list":["post-108589","post","type-post","status-publish","format-standard","has-post-thumbnail","hentry","category-informe-municipal","tag-cordoba"],"_links":{"self":[{"href":"http:\/\/argentinamunicipal.com.ar\/argentina\/wp-json\/wp\/v2\/posts\/108589","targetHints":{"allow":["GET"]}}],"collection":[{"href":"http:\/\/argentinamunicipal.com.ar\/argentina\/wp-json\/wp\/v2\/posts"}],"about":[{"href":"http:\/\/argentinamunicipal.com.ar\/argentina\/wp-json\/wp\/v2\/types\/post"}],"author":[{"embeddable":true,"href":"http:\/\/argentinamunicipal.com.ar\/argentina\/wp-json\/wp\/v2\/users\/2"}],"replies":[{"embeddable":true,"href":"http:\/\/argentinamunicipal.com.ar\/argentina\/wp-json\/wp\/v2\/comments?post=108589"}],"version-history":[{"count":0,"href":"http:\/\/argentinamunicipal.com.ar\/argentina\/wp-json\/wp\/v2\/posts\/108589\/revisions"}],"wp:featuredmedia":[{"embeddable":true,"href":"http:\/\/argentinamunicipal.com.ar\/argentina\/wp-json\/wp\/v2\/media\/108590"}],"wp:attachment":[{"href":"http:\/\/argentinamunicipal.com.ar\/argentina\/wp-json\/wp\/v2\/media?parent=108589"}],"wp:term":[{"taxonomy":"category","embeddable":true,"href":"http:\/\/argentinamunicipal.com.ar\/argentina\/wp-json\/wp\/v2\/categories?post=108589"},{"taxonomy":"post_tag","embeddable":true,"href":"http:\/\/argentinamunicipal.com.ar\/argentina\/wp-json\/wp\/v2\/tags?post=108589"}],"curies":[{"name":"wp","href":"https:\/\/api.w.org\/{rel}","templated":true}]}}