{"id":108610,"date":"2020-10-29T04:16:22","date_gmt":"2020-10-29T07:16:22","guid":{"rendered":"http:\/\/argentinamunicipal.com.ar\/argentina\/?p=108610"},"modified":"2020-10-28T20:20:20","modified_gmt":"2020-10-28T23:20:20","slug":"daniel-arroyo-en-salta-la-salida-es-trabajo-urbanizacion-de-los-barrios-y-primera-infancia","status":"publish","type":"post","link":"http:\/\/argentinamunicipal.com.ar\/argentina\/daniel-arroyo-en-salta-la-salida-es-trabajo-urbanizacion-de-los-barrios-y-primera-infancia\/","title":{"rendered":"Daniel Arroyo en Salta: \u00abLa salida es trabajo, urbanizaci\u00f3n de los barrios y primera infancia\u201d"},"content":{"rendered":"<p>El ministro de Desarrollo Social de la Naci\u00f3n recorri\u00f3 junto a S\u00e1enz las obras realizadas en el Centro de Primera Infancia de Villa Lavalle remodelado con fondos del BID, la Cooperativa Hilos de Juanita y luego firmaron una serie de convenios en Casa de Gobierno.<\/p>\n<p>Tal cual lo hab\u00eda anticipado El Tribuno, el ministro de Desarrollo Social de la Naci\u00f3n, Daniel Arroyo, acompa\u00f1ado del gobernador Gustavo S\u00e1enz y de la ministra de Desarrollo Social, Ver\u00f3nica Figueroa, visitaron hoy el Centro de Primera Infancia de Villa Lavalle y la Cooperativa Hilos de Juanita ubicada en Tres Cerritos.<\/p>\n<p>Arroyo lleg\u00f3 a Salta cerca de las 13 horas y alrededor de las 15.15 visit\u00f3 el CPI ubicado en Villa Lavalle. En di\u00e1logo con la prensa,\u00a0celebr\u00f3 poder estar nuevamente en Salta donde destac\u00f3 los logros alcanzados \u00a0con anterioridad tras la puesta en marcha de la Tarjeta Alimentar\u00a0y el plan Potenciar Trabajo a comienzo de a\u00f1o.<\/p>\n<p>Destac\u00f3 tambi\u00e9n las remodelaciones en el Centro de Primera Infancia de Villa Lavalle realizadas con fondos del BID. \u201cHoy venimos a recorrer el CPI porque la clave para Argentina es que todo los chicos \u00a0vayan a sala de 3,4 y 5 a\u00f1os. Ac\u00e1 se remodel\u00f3 el Centro de Primera Infancia, el Centro de Desarrollo Infantil con un trabajo muy fuerte que hicimos con el gobernador S\u00e1enz y la ministra Figueroa. Hemos generado mecanismos para que m\u00e1s de 100 chicos puedan asistir a este lugar. Vamos a recorrer tambi\u00e9n las actividades productivas, centro de reciclados y vamos a firmar una serie de convenios para bancos de m\u00e1quinas y herramientas. La salida de la Argentina es trabajo, urbanizaci\u00f3n de los barrios populares y primera infancia. Lamentablemente la pandemia impidi\u00f3 que hoy puedan estar los chicos aqu\u00ed, pero ya est\u00e1 remodelado el edificio para que puedan disfrutarlo\u201d, expres\u00f3.<\/p>\n<p>Arroyo estuvo acompa\u00f1ado por el Gobernador Gustavo S\u00e1enz, la ministra de Desarrollo Social,\u00a0 Ver\u00f3nica Figueroa, Erika Roffler, secretaria de Articulaci\u00f3n de Pol\u00edticas Sociales y Gabriel Lerner, secretario Nacional de Ni\u00f1ez, Adolescencia y Familia.<\/p>\n<h6>Fuente: El Tribuno<\/h6>\n","protected":false},"excerpt":{"rendered":"<p>El ministro de Desarrollo Social de la Naci\u00f3n recorri\u00f3 junto a S\u00e1enz las obras realizadas en el Centro de Primera Infancia de Villa Lavalle remodelado con fondos del BID, la Cooperativa Hilos de Juanita y luego firmaron una serie de convenios en Casa de Gobierno.<\/p>\n","protected":false},"author":2,"featured_media":108611,"comment_status":"closed","ping_status":"closed","sticky":false,"template":"","format":"standard","meta":{"footnotes":""},"categories":[65],"tags":[9],"class_list":["post-108610","post","type-post","status-publish","format-standard","has-post-thumbnail","hentry","category-provincias","tag-salta"],"_links":{"self":[{"href":"http:\/\/argentinamunicipal.com.ar\/argentina\/wp-json\/wp\/v2\/posts\/108610","targetHints":{"allow":["GET"]}}],"collection":[{"href":"http:\/\/argentinamunicipal.com.ar\/argentina\/wp-json\/wp\/v2\/posts"}],"about":[{"href":"http:\/\/argentinamunicipal.com.ar\/argentina\/wp-json\/wp\/v2\/types\/post"}],"author":[{"embeddable":true,"href":"http:\/\/argentinamunicipal.com.ar\/argentina\/wp-json\/wp\/v2\/users\/2"}],"replies":[{"embeddable":true,"href":"http:\/\/argentinamunicipal.com.ar\/argentina\/wp-json\/wp\/v2\/comments?post=108610"}],"version-history":[{"count":0,"href":"http:\/\/argentinamunicipal.com.ar\/argentina\/wp-json\/wp\/v2\/posts\/108610\/revisions"}],"wp:featuredmedia":[{"embeddable":true,"href":"http:\/\/argentinamunicipal.com.ar\/argentina\/wp-json\/wp\/v2\/media\/108611"}],"wp:attachment":[{"href":"http:\/\/argentinamunicipal.com.ar\/argentina\/wp-json\/wp\/v2\/media?parent=108610"}],"wp:term":[{"taxonomy":"category","embeddable":true,"href":"http:\/\/argentinamunicipal.com.ar\/argentina\/wp-json\/wp\/v2\/categories?post=108610"},{"taxonomy":"post_tag","embeddable":true,"href":"http:\/\/argentinamunicipal.com.ar\/argentina\/wp-json\/wp\/v2\/tags?post=108610"}],"curies":[{"name":"wp","href":"https:\/\/api.w.org\/{rel}","templated":true}]}}